{"id":222,"date":"2024-11-06T18:05:45","date_gmt":"2024-11-06T17:05:45","guid":{"rendered":"https:\/\/camerapulitica.fr\/?p=222"},"modified":"2024-11-06T18:05:45","modified_gmt":"2024-11-06T17:05:45","slug":"danser-sur-un-volcan","status":"publish","type":"post","link":"https:\/\/camerapulitica.fr\/index.php\/2024\/11\/06\/danser-sur-un-volcan\/","title":{"rendered":"DANSER SUR UN VOLCAN"},"content":{"rendered":"<div id=\"pl-222\"  class=\"panel-layout\" ><div id=\"pg-222-0\"  class=\"panel-grid panel-has-style\" ><div style=\"padding: 20px 0; \" data-overlay=\"true\" data-overlay-color=\"#000000\" class=\"panel-row-style panel-row-style-for-222-0\" ><div id=\"pgc-222-0-0\"  class=\"panel-grid-cell\" ><div id=\"panel-222-0-0-0\" class=\"so-panel widget widget_sow-editor panel-first-child\" data-index=\"0\" ><div style=\"text-align: left;\" data-title-color=\"#443f3f\" data-headings-color=\"#443f3f\" class=\"panel-widget-style panel-widget-style-for-222-0-0-0\" ><div\n\t\t\t\n\t\t\tclass=\"so-widget-sow-editor so-widget-sow-editor-base\"\n\t\t\t\n\t\t>\n<div class=\"siteorigin-widget-tinymce textwidget\">\n\t<h3><strong>de Cyril Aris<\/strong><\/h3>\n<p><span style=\"font-weight: 400;\">Documentaire, 2024, Liban, Allemagne, 1h27<\/span><\/p>\n<\/div>\n<\/div><\/div><\/div><div id=\"panel-222-0-0-1\" class=\"so-panel widget widget_sow-image\" data-index=\"1\" ><div style=\"text-align: left;\" data-title-color=\"#443f3f\" data-headings-color=\"#443f3f\" class=\"panel-widget-style panel-widget-style-for-222-0-0-1\" ><div\n\t\t\t\n\t\t\tclass=\"so-widget-sow-image so-widget-sow-image-default-a258e6bfa2d8-222\"\n\t\t\t\n\t\t>\n\n<div class=\"sow-image-container\">\n\t\t<img loading=\"lazy\" decoding=\"async\" src=\"https:\/\/camerapulitica.fr\/wp-content\/uploads\/2024\/10\/DANSER-SUR-UN-VOLCAN-ite.jpg\" width=\"800\" height=\"600\" srcset=\"https:\/\/camerapulitica.fr\/wp-content\/uploads\/2024\/10\/DANSER-SUR-UN-VOLCAN-ite.jpg 800w, https:\/\/camerapulitica.fr\/wp-content\/uploads\/2024\/10\/DANSER-SUR-UN-VOLCAN-ite-300x225.jpg 300w, https:\/\/camerapulitica.fr\/wp-content\/uploads\/2024\/10\/DANSER-SUR-UN-VOLCAN-ite-768x576.jpg 768w, https:\/\/camerapulitica.fr\/wp-content\/uploads\/2024\/10\/DANSER-SUR-UN-VOLCAN-ite-230x173.jpg 230w, https:\/\/camerapulitica.fr\/wp-content\/uploads\/2024\/10\/DANSER-SUR-UN-VOLCAN-ite-350x263.jpg 350w, https:\/\/camerapulitica.fr\/wp-content\/uploads\/2024\/10\/DANSER-SUR-UN-VOLCAN-ite-480x360.jpg 480w\" sizes=\"auto, (max-width: 800px) 100vw, 800px\" title=\"DANSER SUR UN VOLCAN ite\" alt=\"\" \t\tclass=\"so-widget-image\"\/>\n\t<\/div>\n\n<\/div><\/div><\/div><div id=\"panel-222-0-0-2\" class=\"so-panel widget widget_sow-editor panel-last-child\" data-index=\"2\" ><div style=\"text-align: left;\" data-title-color=\"#443f3f\" data-headings-color=\"#443f3f\" class=\"panel-widget-style panel-widget-style-for-222-0-0-2\" ><div\n\t\t\t\n\t\t\tclass=\"so-widget-sow-editor so-widget-sow-editor-base\"\n\t\t\t\n\t\t>\n<div class=\"siteorigin-widget-tinymce textwidget\">\n\t<p><strong><span style=\"color: #cd1719;\">Synopsis<\/span><\/strong><\/p>\n<p><span style=\"font-weight: 400;\">Apr\u00e8s l'explosion au port de Beyrouth du 4 ao\u00fbt 2020, une \u00e9quipe de tournage fait face \u00e0 un dilemme : affronter le chaos et poursuivre le tournage de son film, ou l\u2019abandonner face aux crises qui gagnent le pays. Danser sur un volcan met en \u00e9vidence la r\u00e9silience de l\u2019\u00e9quipe et raconte sa lutte pour continuer \u00e0 faire du cin\u00e9ma au milieu d\u2019une ville d\u00e9vast\u00e9e.<\/span><\/p>\n<\/div>\n<\/div><\/div><\/div><\/div><\/div><\/div><div id=\"pg-222-1\"  class=\"panel-grid panel-has-style\" ><div style=\"padding: 20px 0; \" data-overlay=\"true\" data-overlay-color=\"#000000\" class=\"panel-row-style panel-row-style-for-222-1\" ><div id=\"pgc-222-1-0\"  class=\"panel-grid-cell\" ><div id=\"panel-222-1-0-0\" class=\"so-panel widget widget_sow-editor panel-first-child panel-last-child\" data-index=\"3\" ><div style=\"text-align: left;\" data-title-color=\"#443f3f\" data-headings-color=\"#443f3f\" class=\"panel-widget-style panel-widget-style-for-222-1-0-0\" ><div\n\t\t\t\n\t\t\tclass=\"so-widget-sow-editor so-widget-sow-editor-base\"\n\t\t\t\n\t\t>\n<div class=\"siteorigin-widget-tinymce textwidget\">\n\t<p><span style=\"color: #cd1719;\"><strong>Fiche Technique<\/strong><\/span><\/p>\n<p style=\"text-align: left;\"><span style=\"font-weight: 400;\">Sc\u00e9nario : Cyril Aris<br \/>\n<\/span>Son : <span style=\"font-weight: 400;\">Victor Bresse, Lama Sawaya<\/span><br \/>\nImage : <span style=\"font-weight: 400;\">Cyril Aris, Joe Saad<\/span><br \/>\nMontage : <span style=\"font-weight: 400;\">Cyril Aris,<\/span><span style=\"font-weight: 400;\">\u00a0Nadia Ben Rachid<\/span><br \/>\nMusique : <span style=\"font-weight: 400;\">Victor Bresse<\/span><br \/>\nProduction : <span style=\"font-weight: 400;\">\u00a0Les Films d\u2019Ici<\/span><br \/>\nDistribution : <span style=\"font-weight: 400;\">Les Films des Deux Rives<\/span><\/p>\n<\/div>\n<\/div><\/div><\/div><\/div><div id=\"pgc-222-1-1\"  class=\"panel-grid-cell\" ><div id=\"panel-222-1-1-0\" class=\"so-panel widget widget_sow-editor panel-first-child panel-last-child\" data-index=\"4\" ><div style=\"text-align: left;\" data-title-color=\"#443f3f\" data-headings-color=\"#443f3f\" class=\"panel-widget-style panel-widget-style-for-222-1-1-0\" ><div\n\t\t\t\n\t\t\tclass=\"so-widget-sow-editor so-widget-sow-editor-base\"\n\t\t\t\n\t\t>\n<div class=\"siteorigin-widget-tinymce textwidget\">\n\t<p><span style=\"color: #cd1719;\"><strong>Distribution<\/strong><\/span><\/p>\n<p>&nbsp;<\/p>\n<\/div>\n<\/div><\/div><\/div><\/div><\/div><\/div><div id=\"pg-222-2\"  class=\"panel-grid panel-has-style\" ><div style=\"padding: 20px 0; \" data-overlay=\"true\" data-overlay-color=\"#000000\" class=\"panel-row-style panel-row-style-for-222-2\" ><div id=\"pgc-222-2-0\"  class=\"panel-grid-cell\" ><div id=\"panel-222-2-0-0\" class=\"so-panel widget widget_sow-editor panel-first-child panel-last-child\" data-index=\"5\" ><div style=\"text-align: left;\" data-title-color=\"#443f3f\" data-headings-color=\"#443f3f\" class=\"panel-widget-style panel-widget-style-for-222-2-0-0\" ><div\n\t\t\t\n\t\t\tclass=\"so-widget-sow-editor so-widget-sow-editor-base\"\n\t\t\t\n\t\t>\n<div class=\"siteorigin-widget-tinymce textwidget\">\n\t<p style=\"text-align: right;\">Le dimanche 24 novembre \u00e0 14h<\/p>\n<\/div>\n<\/div><\/div><\/div><\/div><div id=\"pgc-222-2-1\"  class=\"panel-grid-cell\" ><div id=\"panel-222-2-1-0\" class=\"so-panel widget widget_sow-button panel-first-child panel-last-child\" data-index=\"6\" ><div style=\"text-align: left;\" data-title-color=\"#443f3f\" data-headings-color=\"#443f3f\" class=\"panel-widget-style panel-widget-style-for-222-2-1-0\" ><div\n\t\t\t\n\t\t\tclass=\"so-widget-sow-button so-widget-sow-button-flat-27d90634a12e-222\"\n\t\t\t\n\t\t><div class=\"ow-button-base ow-button-align-left\">\n\t<a\n\thref=\"https:\/\/www.helloasso.com\/associations\/association-arte-mare\/evenements\/danser-sur-un-volcan\"\n\t\tclass=\"ow-icon-placement-left ow-button-hover\" target=\"_blank\" rel=\"noopener noreferrer\" \t>\n\t\t<span>\n\t\t\t<span class=\"sow-icon-genericons\" data-sow-icon=\"&#xf447;\"\n\t\tstyle=\"\" \n\t\taria-hidden=\"true\"><\/span>\n\t\t\tACHETER MA PLACE\t\t<\/span>\n\t<\/a>\n<\/div>\n<\/div><\/div><\/div><\/div><\/div><\/div><div id=\"pg-222-3\"  class=\"panel-grid panel-has-style\" ><div style=\"padding: 20px 0; \" data-overlay=\"true\" data-overlay-color=\"#000000\" class=\"panel-row-style panel-row-style-for-222-3\" ><div id=\"pgc-222-3-0\"  class=\"panel-grid-cell\" ><div id=\"panel-222-3-0-0\" class=\"so-panel widget widget_sow-video panel-first-child\" data-index=\"7\" ><div style=\"text-align: left;\" data-title-color=\"#443f3f\" data-headings-color=\"#443f3f\" class=\"panel-widget-style panel-widget-style-for-222-3-0-0\" ><div\n\t\t\t\n\t\t\tclass=\"so-widget-sow-video so-widget-sow-video-default-f379b959fc93-222\"\n\t\t\t\n\t\t>\n<div class=\"sow-video-wrapper no-controls\">\n\t\t\t<iframe loading=\"lazy\" title=\"DANSER SUR UN VOLCAN de Cyril Aris | Bande annonce officielle\" width=\"1170\" height=\"658\" src=\"https:\/\/www.youtube.com\/embed\/_xslOT_vQKY?feature=oembed&enablejsapi=1\" frameborder=\"0\" allow=\"accelerometer; autoplay; clipboard-write; encrypted-media; gyroscope; picture-in-picture; web-share\" referrerpolicy=\"strict-origin-when-cross-origin\" allowfullscreen allowfullscreen mozallowfullscreen webkitallowfullscreen><\/iframe>\t<\/div>\n<\/div><\/div><\/div><div id=\"panel-222-3-0-1\" class=\"so-panel widget widget_sow-post-carousel\" data-index=\"8\" ><div style=\"text-align: left;\" data-title-color=\"#443f3f\" data-headings-color=\"#443f3f\" class=\"panel-widget-style panel-widget-style-for-222-3-0-1\" ><div\n\t\t\t\n\t\t\tclass=\"so-widget-sow-post-carousel so-widget-sow-post-carousel-base-2cd1a1bdf515-222\"\n\t\t\t\n\t\t>\t<div\n\t\tclass=\"sow-post-carousel-wrapper sow-post-carousel-theme-base\"\n\t\tstyle=\"overflow: hidden; max-width: 100%; min-height: 182px\"\n\t>\n\t\t<div class=\"sow-carousel-title has-title\">\n\t<h3 class=\"widget-title\">LES FILMS<\/h3>\t\t<div class=\"sow-carousel-navigation \">\n\t\t\t\t\t\t<a href=\"#\" class=\"sow-carousel-next\" title=\"Suivant\" aria-label=\"Next Posts\" role=\"button\"><\/a>\n\t\t\t\t\t\t<a href=\"#\" class=\"sow-carousel-previous\" title=\"Pr\u00e9c\u00e9dent\" aria-label=\"Previous Posts\" role=\"button\"><\/a>\n\t\t\t\t\t<\/div>\n\t<\/div>\n\n<div class=\"sow-carousel-container \">\n\t\t<div class=\"sow-carousel-wrapper\"\n\t\tdata-dir=\"ltr\"\n\t\tstyle=\"opacity: 0;\"\n\t\tdata-widget=\"post\" data-fetching=\"false\" data-page=\"1\" data-ajax-url=\"https:\/\/camerapulitica.fr\/wp-admin\/admin-ajax.php?_widgets_nonce=8f21cf94ee\" data-item_count=\"15\" data-carousel_settings=\"{&quot;loop&quot;:true,&quot;animation&quot;:&quot;ease&quot;,&quot;animation_speed&quot;:400,&quot;autoplay&quot;:&quot;&quot;,&quot;pauseOnHover&quot;:&quot;&quot;,&quot;autoplaySpeed&quot;:8000,&quot;item_overflow&quot;:true,&quot;autoplay_continuous_scroll&quot;:false}\" data-responsive=\"{&quot;desktop_slides_to_scroll&quot;:1,&quot;tablet_landscape_breakpoint&quot;:1366,&quot;tablet_landscape_slides_to_scroll&quot;:2,&quot;tablet_portrait_breakpoint&quot;:1025,&quot;tablet_portrait_slides_to_scroll&quot;:2,&quot;mobile_breakpoint&quot;:480,&quot;mobile_slides_to_scroll&quot;:1}\" data-variable_width=\"true\" \t>\n\t\t<div\n\t\t\tclass=\"sow-carousel-items\"\n\t\t\t\t\t>\n\t\t\t\t<div class=\"sow-carousel-item\" tabindex=\"-1\" style=\"float: left;\">\n\t\t<div class=\"sow-carousel-thumbnail\">\n\t\t\t\t\t\t\t<a\n\t\t\t\t\thref=\"https:\/\/camerapulitica.fr\/index.php\/2024\/11\/06\/assassins\/\"\n\t\t\t\t\t\t\t\t\t\tstyle=\"background-image: url( https:\/\/camerapulitica.fr\/wp-content\/uploads\/2024\/10\/assassins-site-272x182.jpg )\"\n\t\t\t\t\taria-labelledby=\"sow-carousel-id-246\"\n\t\t\t\t\ttabindex=\"-1\"\n\t\t\t\t>\n\t\t\t\t\t<span class=\"overlay\"><\/span>\n\t\t\t\t<\/a>\n\t\t\t\t\t<\/div>\n\t\t<h3 class=\"sow-carousel-item-title\">\n\t\t\t<a\n\t\t\t\thref=\"https:\/\/camerapulitica.fr\/index.php\/2024\/11\/06\/assassins\/\"\n\t\t\t\tid=\"sow-carousel-id-246\"\n\t\t\t\t\t\t\t\ttabindex=\"-1\"\n\t\t\t>\n\n\t\t\t\tASSASSINS\t\t\t<\/a>\n\t\t<\/h3>\n\t<\/div>\n\t<div class=\"sow-carousel-item\" tabindex=\"-1\" style=\"float: left;\">\n\t\t<div class=\"sow-carousel-thumbnail\">\n\t\t\t\t\t\t\t<a\n\t\t\t\t\thref=\"https:\/\/camerapulitica.fr\/index.php\/2024\/11\/06\/le-systeme-victoria\/\"\n\t\t\t\t\tclass=\"sow-carousel-default-thumbnail\"\n\t\t\t\t\t\t\t\t\t\t\t\t\t\t\taria-labelledby=\"sow-carousel-id-259\"\n\t\t\t\t\ttabindex=\"-1\"\n\t\t\t\t>\n\t\t\t\t\t<span class=\"overlay\"><\/span>\n\t\t\t\t<\/a>\n\t\t\t\t\t<\/div>\n\t\t<h3 class=\"sow-carousel-item-title\">\n\t\t\t<a\n\t\t\t\thref=\"https:\/\/camerapulitica.fr\/index.php\/2024\/11\/06\/le-systeme-victoria\/\"\n\t\t\t\tid=\"sow-carousel-id-259\"\n\t\t\t\t\t\t\t\ttabindex=\"-1\"\n\t\t\t>\n\n\t\t\t\tLE SYST\u00c8ME VICTORIA\t\t\t<\/a>\n\t\t<\/h3>\n\t<\/div>\n\t<div class=\"sow-carousel-item\" tabindex=\"-1\" style=\"float: left;\">\n\t\t<div class=\"sow-carousel-thumbnail\">\n\t\t\t\t\t\t\t<a\n\t\t\t\t\thref=\"https:\/\/camerapulitica.fr\/index.php\/2024\/11\/06\/la-petite-bande\/\"\n\t\t\t\t\t\t\t\t\t\tstyle=\"background-image: url( https:\/\/camerapulitica.fr\/wp-content\/uploads\/2024\/10\/LA-PETITE-BANDE-site_2_Les_Films_Pelleas_8fe66cf472-272x182.jpg )\"\n\t\t\t\t\taria-labelledby=\"sow-carousel-id-215\"\n\t\t\t\t\ttabindex=\"-1\"\n\t\t\t\t>\n\t\t\t\t\t<span class=\"overlay\"><\/span>\n\t\t\t\t<\/a>\n\t\t\t\t\t<\/div>\n\t\t<h3 class=\"sow-carousel-item-title\">\n\t\t\t<a\n\t\t\t\thref=\"https:\/\/camerapulitica.fr\/index.php\/2024\/11\/06\/la-petite-bande\/\"\n\t\t\t\tid=\"sow-carousel-id-215\"\n\t\t\t\t\t\t\t\ttabindex=\"-1\"\n\t\t\t>\n\n\t\t\t\tLA PETITE BANDE\t\t\t<\/a>\n\t\t<\/h3>\n\t<\/div>\n\t<div class=\"sow-carousel-item\" tabindex=\"-1\" style=\"float: left;\">\n\t\t<div class=\"sow-carousel-thumbnail\">\n\t\t\t\t\t\t\t<a\n\t\t\t\t\thref=\"https:\/\/camerapulitica.fr\/index.php\/2024\/11\/06\/moi-michel-rocard-jirai-dormir-en-corse\/\"\n\t\t\t\t\t\t\t\t\t\tstyle=\"background-image: url( https:\/\/camerapulitica.fr\/wp-content\/uploads\/2024\/10\/moi-michel-rocard-site-272x182.jpg )\"\n\t\t\t\t\taria-labelledby=\"sow-carousel-id-208\"\n\t\t\t\t\ttabindex=\"-1\"\n\t\t\t\t>\n\t\t\t\t\t<span class=\"overlay\"><\/span>\n\t\t\t\t<\/a>\n\t\t\t\t\t<\/div>\n\t\t<h3 class=\"sow-carousel-item-title\">\n\t\t\t<a\n\t\t\t\thref=\"https:\/\/camerapulitica.fr\/index.php\/2024\/11\/06\/moi-michel-rocard-jirai-dormir-en-corse\/\"\n\t\t\t\tid=\"sow-carousel-id-208\"\n\t\t\t\t\t\t\t\ttabindex=\"-1\"\n\t\t\t>\n\n\t\t\t\tMOI, MICHEL ROCARD, J&rsquo;IRAI DORMIR EN CORSE\t\t\t<\/a>\n\t\t<\/h3>\n\t<\/div>\n\t<div class=\"sow-carousel-item\" tabindex=\"-1\" style=\"float: left;\">\n\t\t<div class=\"sow-carousel-thumbnail\">\n\t\t\t\t\t\t\t<a\n\t\t\t\t\thref=\"https:\/\/camerapulitica.fr\/index.php\/2024\/11\/06\/palazzina-laf\/\"\n\t\t\t\t\t\t\t\t\t\tstyle=\"background-image: url( https:\/\/camerapulitica.fr\/wp-content\/uploads\/2024\/10\/Palazzina-Laf-site-272x182.jpg )\"\n\t\t\t\t\taria-labelledby=\"sow-carousel-id-217\"\n\t\t\t\t\ttabindex=\"-1\"\n\t\t\t\t>\n\t\t\t\t\t<span class=\"overlay\"><\/span>\n\t\t\t\t<\/a>\n\t\t\t\t\t<\/div>\n\t\t<h3 class=\"sow-carousel-item-title\">\n\t\t\t<a\n\t\t\t\thref=\"https:\/\/camerapulitica.fr\/index.php\/2024\/11\/06\/palazzina-laf\/\"\n\t\t\t\tid=\"sow-carousel-id-217\"\n\t\t\t\t\t\t\t\ttabindex=\"-1\"\n\t\t\t>\n\n\t\t\t\tPALAZZINA LAF\t\t\t<\/a>\n\t\t<\/h3>\n\t<\/div>\n\t<div class=\"sow-carousel-item\" tabindex=\"-1\" style=\"float: left;\">\n\t\t<div class=\"sow-carousel-thumbnail\">\n\t\t\t\t\t\t\t<a\n\t\t\t\t\thref=\"https:\/\/camerapulitica.fr\/index.php\/2024\/11\/06\/anna\/\"\n\t\t\t\t\t\t\t\t\t\tstyle=\"background-image: url( https:\/\/camerapulitica.fr\/wp-content\/uploads\/2024\/10\/ANNA-4-site-272x182.jpg )\"\n\t\t\t\t\taria-labelledby=\"sow-carousel-id-224\"\n\t\t\t\t\ttabindex=\"-1\"\n\t\t\t\t>\n\t\t\t\t\t<span class=\"overlay\"><\/span>\n\t\t\t\t<\/a>\n\t\t\t\t\t<\/div>\n\t\t<h3 class=\"sow-carousel-item-title\">\n\t\t\t<a\n\t\t\t\thref=\"https:\/\/camerapulitica.fr\/index.php\/2024\/11\/06\/anna\/\"\n\t\t\t\tid=\"sow-carousel-id-224\"\n\t\t\t\t\t\t\t\ttabindex=\"-1\"\n\t\t\t>\n\n\t\t\t\tANNA\t\t\t<\/a>\n\t\t<\/h3>\n\t<\/div>\n\t<div class=\"sow-carousel-item\" tabindex=\"-1\" style=\"float: left;\">\n\t\t<div class=\"sow-carousel-thumbnail\">\n\t\t\t\t\t\t\t<a\n\t\t\t\t\thref=\"https:\/\/camerapulitica.fr\/index.php\/2024\/11\/06\/le-jour-de-ma-mort\/\"\n\t\t\t\t\t\t\t\t\t\tstyle=\"background-image: url( https:\/\/camerapulitica.fr\/wp-content\/uploads\/2024\/10\/le-jour-de-ma-mort-site-272x182.jpg )\"\n\t\t\t\t\taria-labelledby=\"sow-carousel-id-251\"\n\t\t\t\t\ttabindex=\"-1\"\n\t\t\t\t>\n\t\t\t\t\t<span class=\"overlay\"><\/span>\n\t\t\t\t<\/a>\n\t\t\t\t\t<\/div>\n\t\t<h3 class=\"sow-carousel-item-title\">\n\t\t\t<a\n\t\t\t\thref=\"https:\/\/camerapulitica.fr\/index.php\/2024\/11\/06\/le-jour-de-ma-mort\/\"\n\t\t\t\tid=\"sow-carousel-id-251\"\n\t\t\t\t\t\t\t\ttabindex=\"-1\"\n\t\t\t>\n\n\t\t\t\tLE JOUR DE MA MORT\t\t\t<\/a>\n\t\t<\/h3>\n\t<\/div>\n\t<div class=\"sow-carousel-item\" tabindex=\"-1\" style=\"float: left;\">\n\t\t<div class=\"sow-carousel-thumbnail\">\n\t\t\t\t\t\t\t<a\n\t\t\t\t\thref=\"https:\/\/camerapulitica.fr\/index.php\/2024\/11\/06\/the-wall\/\"\n\t\t\t\t\t\t\t\t\t\tstyle=\"background-image: url( https:\/\/camerapulitica.fr\/wp-content\/uploads\/2024\/10\/tha-wall-site-272x182.jpg )\"\n\t\t\t\t\taria-labelledby=\"sow-carousel-id-253\"\n\t\t\t\t\ttabindex=\"-1\"\n\t\t\t\t>\n\t\t\t\t\t<span class=\"overlay\"><\/span>\n\t\t\t\t<\/a>\n\t\t\t\t\t<\/div>\n\t\t<h3 class=\"sow-carousel-item-title\">\n\t\t\t<a\n\t\t\t\thref=\"https:\/\/camerapulitica.fr\/index.php\/2024\/11\/06\/the-wall\/\"\n\t\t\t\tid=\"sow-carousel-id-253\"\n\t\t\t\t\t\t\t\ttabindex=\"-1\"\n\t\t\t>\n\n\t\t\t\tTHE WALL\t\t\t<\/a>\n\t\t<\/h3>\n\t<\/div>\n\t<div class=\"sow-carousel-item\" tabindex=\"-1\" style=\"float: left;\">\n\t\t<div class=\"sow-carousel-thumbnail\">\n\t\t\t\t\t\t\t<a\n\t\t\t\t\thref=\"https:\/\/camerapulitica.fr\/index.php\/2024\/11\/06\/jouer-avec-le-feu\/\"\n\t\t\t\t\t\t\t\t\t\tstyle=\"background-image: url( https:\/\/camerapulitica.fr\/wp-content\/uploads\/2024\/10\/JOUER-AVEC-LE-FEU-site-Photo-1-A\u00a9-2024-Felicita-Curiosa-Films-France-3-Cinema-272x182.jpg )\"\n\t\t\t\t\taria-labelledby=\"sow-carousel-id-211\"\n\t\t\t\t\ttabindex=\"-1\"\n\t\t\t\t>\n\t\t\t\t\t<span class=\"overlay\"><\/span>\n\t\t\t\t<\/a>\n\t\t\t\t\t<\/div>\n\t\t<h3 class=\"sow-carousel-item-title\">\n\t\t\t<a\n\t\t\t\thref=\"https:\/\/camerapulitica.fr\/index.php\/2024\/11\/06\/jouer-avec-le-feu\/\"\n\t\t\t\tid=\"sow-carousel-id-211\"\n\t\t\t\t\t\t\t\ttabindex=\"-1\"\n\t\t\t>\n\n\t\t\t\tJOUER AVEC LE FEU\t\t\t<\/a>\n\t\t<\/h3>\n\t<\/div>\n\t<div class=\"sow-carousel-item\" tabindex=\"-1\" style=\"float: left;\">\n\t\t<div class=\"sow-carousel-thumbnail\">\n\t\t\t\t\t\t\t<a\n\t\t\t\t\thref=\"https:\/\/camerapulitica.fr\/index.php\/2024\/11\/06\/tuttin-casa-cumuna\/\"\n\t\t\t\t\t\t\t\t\t\tstyle=\"background-image: url( https:\/\/camerapulitica.fr\/wp-content\/uploads\/2024\/10\/Tutti_in_casa_cumuna-site-272x182.png )\"\n\t\t\t\t\taria-labelledby=\"sow-carousel-id-248\"\n\t\t\t\t\ttabindex=\"-1\"\n\t\t\t\t>\n\t\t\t\t\t<span class=\"overlay\"><\/span>\n\t\t\t\t<\/a>\n\t\t\t\t\t<\/div>\n\t\t<h3 class=\"sow-carousel-item-title\">\n\t\t\t<a\n\t\t\t\thref=\"https:\/\/camerapulitica.fr\/index.php\/2024\/11\/06\/tuttin-casa-cumuna\/\"\n\t\t\t\tid=\"sow-carousel-id-248\"\n\t\t\t\t\t\t\t\ttabindex=\"-1\"\n\t\t\t>\n\n\t\t\t\tTUTT\u2019IN CASA CUMUNA\t\t\t<\/a>\n\t\t<\/h3>\n\t<\/div>\n\t<div class=\"sow-carousel-item\" tabindex=\"-1\" style=\"float: left;\">\n\t\t<div class=\"sow-carousel-thumbnail\">\n\t\t\t\t\t\t\t<a\n\t\t\t\t\thref=\"https:\/\/camerapulitica.fr\/index.php\/2024\/11\/06\/le-deluge\/\"\n\t\t\t\t\t\t\t\t\t\tstyle=\"background-image: url( https:\/\/camerapulitica.fr\/wp-content\/uploads\/2024\/10\/LE-DELUGE-site_lancio_alta_16-9A\u00a9FabioLovino-272x182.jpg )\"\n\t\t\t\t\taria-labelledby=\"sow-carousel-id-197\"\n\t\t\t\t\ttabindex=\"-1\"\n\t\t\t\t>\n\t\t\t\t\t<span class=\"overlay\"><\/span>\n\t\t\t\t<\/a>\n\t\t\t\t\t<\/div>\n\t\t<h3 class=\"sow-carousel-item-title\">\n\t\t\t<a\n\t\t\t\thref=\"https:\/\/camerapulitica.fr\/index.php\/2024\/11\/06\/le-deluge\/\"\n\t\t\t\tid=\"sow-carousel-id-197\"\n\t\t\t\t\t\t\t\ttabindex=\"-1\"\n\t\t\t>\n\n\t\t\t\tLE D\u00c9LUGE\t\t\t<\/a>\n\t\t<\/h3>\n\t<\/div>\n\t<div class=\"sow-carousel-item\" tabindex=\"-1\" style=\"float: left;\">\n\t\t<div class=\"sow-carousel-thumbnail\">\n\t\t\t\t\t\t\t<a\n\t\t\t\t\thref=\"https:\/\/camerapulitica.fr\/index.php\/2024\/11\/06\/ce-nouvel-an-qui-nest-jamais-arrive\/\"\n\t\t\t\t\t\t\t\t\t\tstyle=\"background-image: url( https:\/\/camerapulitica.fr\/wp-content\/uploads\/2024\/10\/ce-nouvel-an-copie-site-272x182.jpg )\"\n\t\t\t\t\taria-labelledby=\"sow-carousel-id-231\"\n\t\t\t\t\ttabindex=\"-1\"\n\t\t\t\t>\n\t\t\t\t\t<span class=\"overlay\"><\/span>\n\t\t\t\t<\/a>\n\t\t\t\t\t<\/div>\n\t\t<h3 class=\"sow-carousel-item-title\">\n\t\t\t<a\n\t\t\t\thref=\"https:\/\/camerapulitica.fr\/index.php\/2024\/11\/06\/ce-nouvel-an-qui-nest-jamais-arrive\/\"\n\t\t\t\tid=\"sow-carousel-id-231\"\n\t\t\t\t\t\t\t\ttabindex=\"-1\"\n\t\t\t>\n\n\t\t\t\tCE NOUVEL AN QUI N\u2019EST JAMAIS ARRIV\u00c9\t\t\t<\/a>\n\t\t<\/h3>\n\t<\/div>\n\t<div class=\"sow-carousel-item\" tabindex=\"-1\" style=\"float: left;\">\n\t\t<div class=\"sow-carousel-thumbnail\">\n\t\t\t\t\t\t\t<a\n\t\t\t\t\thref=\"https:\/\/camerapulitica.fr\/index.php\/2024\/11\/06\/etats-de-violences\/\"\n\t\t\t\t\t\t\t\t\t\tstyle=\"background-image: url( https:\/\/camerapulitica.fr\/wp-content\/uploads\/2024\/10\/etats-de-violences-site-272x182.png )\"\n\t\t\t\t\taria-labelledby=\"sow-carousel-id-255\"\n\t\t\t\t\ttabindex=\"-1\"\n\t\t\t\t>\n\t\t\t\t\t<span class=\"overlay\"><\/span>\n\t\t\t\t<\/a>\n\t\t\t\t\t<\/div>\n\t\t<h3 class=\"sow-carousel-item-title\">\n\t\t\t<a\n\t\t\t\thref=\"https:\/\/camerapulitica.fr\/index.php\/2024\/11\/06\/etats-de-violences\/\"\n\t\t\t\tid=\"sow-carousel-id-255\"\n\t\t\t\t\t\t\t\ttabindex=\"-1\"\n\t\t\t>\n\n\t\t\t\t\u00c9TATS DE VIOLENCES\t\t\t<\/a>\n\t\t<\/h3>\n\t<\/div>\n\t<div class=\"sow-carousel-item\" tabindex=\"-1\" style=\"float: left;\">\n\t\t<div class=\"sow-carousel-thumbnail\">\n\t\t\t\t\t\t\t<a\n\t\t\t\t\thref=\"https:\/\/camerapulitica.fr\/index.php\/2024\/11\/06\/le-brio\/\"\n\t\t\t\t\t\t\t\t\t\tstyle=\"background-image: url( https:\/\/camerapulitica.fr\/wp-content\/uploads\/2024\/10\/le-brio-site-272x182.jpg )\"\n\t\t\t\t\taria-labelledby=\"sow-carousel-id-261\"\n\t\t\t\t\ttabindex=\"-1\"\n\t\t\t\t>\n\t\t\t\t\t<span class=\"overlay\"><\/span>\n\t\t\t\t<\/a>\n\t\t\t\t\t<\/div>\n\t\t<h3 class=\"sow-carousel-item-title\">\n\t\t\t<a\n\t\t\t\thref=\"https:\/\/camerapulitica.fr\/index.php\/2024\/11\/06\/le-brio\/\"\n\t\t\t\tid=\"sow-carousel-id-261\"\n\t\t\t\t\t\t\t\ttabindex=\"-1\"\n\t\t\t>\n\n\t\t\t\tLE BRIO\t\t\t<\/a>\n\t\t<\/h3>\n\t<\/div>\n\t<div class=\"sow-carousel-item\" tabindex=\"-1\" style=\"float: left;\">\n\t\t<div class=\"sow-carousel-thumbnail\">\n\t\t\t\t\t\t\t<a\n\t\t\t\t\thref=\"https:\/\/camerapulitica.fr\/index.php\/2024\/11\/06\/fdp\/\"\n\t\t\t\t\t\t\t\t\t\tstyle=\"background-image: url( https:\/\/camerapulitica.fr\/wp-content\/uploads\/2024\/10\/FDP-272x182.png )\"\n\t\t\t\t\taria-labelledby=\"sow-carousel-id-240\"\n\t\t\t\t\ttabindex=\"-1\"\n\t\t\t\t>\n\t\t\t\t\t<span class=\"overlay\"><\/span>\n\t\t\t\t<\/a>\n\t\t\t\t\t<\/div>\n\t\t<h3 class=\"sow-carousel-item-title\">\n\t\t\t<a\n\t\t\t\thref=\"https:\/\/camerapulitica.fr\/index.php\/2024\/11\/06\/fdp\/\"\n\t\t\t\tid=\"sow-carousel-id-240\"\n\t\t\t\t\t\t\t\ttabindex=\"-1\"\n\t\t\t>\n\n\t\t\t\tFDP\t\t\t<\/a>\n\t\t<\/h3>\n\t<\/div>\n\t\t<\/div>\n\t\t\t<\/div>\n\n\t<\/div>\n\t\t<input type=\"hidden\" name=\"instance_hash\" value=\"2bd79b36\"\/>\n\t<\/div>\n<\/div><\/div><\/div><div id=\"panel-222-3-0-2\" class=\"so-panel widget widget_sow-post-carousel\" data-index=\"9\" ><div style=\"text-align: left;\" data-title-color=\"#443f3f\" data-headings-color=\"#443f3f\" class=\"panel-widget-style panel-widget-style-for-222-3-0-2\" ><div\n\t\t\t\n\t\t\tclass=\"so-widget-sow-post-carousel so-widget-sow-post-carousel-base-2cd1a1bdf515-240\"\n\t\t\t\n\t\t>\t<div\n\t\tclass=\"sow-post-carousel-wrapper sow-post-carousel-theme-base\"\n\t\tstyle=\"overflow: hidden; max-width: 100%; min-height: 182px\"\n\t>\n\t\t<div class=\"sow-carousel-title has-title\">\n\t<h3 class=\"widget-title\">LES INVIT\u00c9S<\/h3>\t\t<div class=\"sow-carousel-navigation \">\n\t\t\t\t\t\t<a href=\"#\" class=\"sow-carousel-next\" title=\"Suivant\" aria-label=\"Next Posts\" role=\"button\"><\/a>\n\t\t\t\t\t\t<a href=\"#\" class=\"sow-carousel-previous\" title=\"Pr\u00e9c\u00e9dent\" aria-label=\"Previous Posts\" role=\"button\"><\/a>\n\t\t\t\t\t<\/div>\n\t<\/div>\n\n<div class=\"sow-carousel-container \">\n\t\t<div class=\"sow-carousel-wrapper\"\n\t\tdata-dir=\"ltr\"\n\t\tstyle=\"opacity: 0;\"\n\t\tdata-widget=\"post\" data-fetching=\"false\" data-page=\"1\" data-ajax-url=\"https:\/\/camerapulitica.fr\/wp-admin\/admin-ajax.php?_widgets_nonce=8f21cf94ee\" data-item_count=\"14\" data-carousel_settings=\"{&quot;loop&quot;:true,&quot;animation&quot;:&quot;ease&quot;,&quot;animation_speed&quot;:400,&quot;autoplay&quot;:&quot;&quot;,&quot;pauseOnHover&quot;:&quot;&quot;,&quot;autoplaySpeed&quot;:8000,&quot;item_overflow&quot;:true,&quot;autoplay_continuous_scroll&quot;:false}\" data-responsive=\"{&quot;desktop_slides_to_scroll&quot;:1,&quot;tablet_landscape_breakpoint&quot;:1366,&quot;tablet_landscape_slides_to_scroll&quot;:2,&quot;tablet_portrait_breakpoint&quot;:1025,&quot;tablet_portrait_slides_to_scroll&quot;:2,&quot;mobile_breakpoint&quot;:480,&quot;mobile_slides_to_scroll&quot;:1}\" data-variable_width=\"true\" \t>\n\t\t<div\n\t\t\tclass=\"sow-carousel-items\"\n\t\t\t\t\t>\n\t\t\t\t<div class=\"sow-carousel-item\" tabindex=\"-1\" style=\"float: left;\">\n\t\t<div class=\"sow-carousel-thumbnail\">\n\t\t\t\t\t\t\t<a\n\t\t\t\t\thref=\"https:\/\/camerapulitica.fr\/index.php\/2024\/11\/06\/christophe-bourseiller\/\"\n\t\t\t\t\t\t\t\t\t\tstyle=\"background-image: url( https:\/\/camerapulitica.fr\/wp-content\/uploads\/2024\/10\/Christophe-Bourseiller-site-272x182.jpg )\"\n\t\t\t\t\taria-labelledby=\"sow-carousel-id-301\"\n\t\t\t\t\ttabindex=\"-1\"\n\t\t\t\t>\n\t\t\t\t\t<span class=\"overlay\"><\/span>\n\t\t\t\t<\/a>\n\t\t\t\t\t<\/div>\n\t\t<h3 class=\"sow-carousel-item-title\">\n\t\t\t<a\n\t\t\t\thref=\"https:\/\/camerapulitica.fr\/index.php\/2024\/11\/06\/christophe-bourseiller\/\"\n\t\t\t\tid=\"sow-carousel-id-301\"\n\t\t\t\t\t\t\t\ttabindex=\"-1\"\n\t\t\t>\n\n\t\t\t\tChristophe Bourseiller\t\t\t<\/a>\n\t\t<\/h3>\n\t<\/div>\n\t<div class=\"sow-carousel-item\" tabindex=\"-1\" style=\"float: left;\">\n\t\t<div class=\"sow-carousel-thumbnail\">\n\t\t\t\t\t\t\t<a\n\t\t\t\t\thref=\"https:\/\/camerapulitica.fr\/index.php\/2024\/11\/06\/thierry-de-peretti\/\"\n\t\t\t\t\tclass=\"sow-carousel-default-thumbnail\"\n\t\t\t\t\t\t\t\t\t\t\t\t\t\t\taria-labelledby=\"sow-carousel-id-264\"\n\t\t\t\t\ttabindex=\"-1\"\n\t\t\t\t>\n\t\t\t\t\t<span class=\"overlay\"><\/span>\n\t\t\t\t<\/a>\n\t\t\t\t\t<\/div>\n\t\t<h3 class=\"sow-carousel-item-title\">\n\t\t\t<a\n\t\t\t\thref=\"https:\/\/camerapulitica.fr\/index.php\/2024\/11\/06\/thierry-de-peretti\/\"\n\t\t\t\tid=\"sow-carousel-id-264\"\n\t\t\t\t\t\t\t\ttabindex=\"-1\"\n\t\t\t>\n\n\t\t\t\tThierry de Peretti\t\t\t<\/a>\n\t\t<\/h3>\n\t<\/div>\n\t<div class=\"sow-carousel-item\" tabindex=\"-1\" style=\"float: left;\">\n\t\t<div class=\"sow-carousel-thumbnail\">\n\t\t\t\t\t\t\t<a\n\t\t\t\t\thref=\"https:\/\/camerapulitica.fr\/index.php\/2024\/11\/06\/sante-maurizi\/\"\n\t\t\t\t\t\t\t\t\t\tstyle=\"background-image: url( https:\/\/camerapulitica.fr\/wp-content\/uploads\/2024\/10\/Sante-Maurizi-272x182.jpg )\"\n\t\t\t\t\taria-labelledby=\"sow-carousel-id-334\"\n\t\t\t\t\ttabindex=\"-1\"\n\t\t\t\t>\n\t\t\t\t\t<span class=\"overlay\"><\/span>\n\t\t\t\t<\/a>\n\t\t\t\t\t<\/div>\n\t\t<h3 class=\"sow-carousel-item-title\">\n\t\t\t<a\n\t\t\t\thref=\"https:\/\/camerapulitica.fr\/index.php\/2024\/11\/06\/sante-maurizi\/\"\n\t\t\t\tid=\"sow-carousel-id-334\"\n\t\t\t\t\t\t\t\ttabindex=\"-1\"\n\t\t\t>\n\n\t\t\t\tSante Maurizi\t\t\t<\/a>\n\t\t<\/h3>\n\t<\/div>\n\t<div class=\"sow-carousel-item\" tabindex=\"-1\" style=\"float: left;\">\n\t\t<div class=\"sow-carousel-thumbnail\">\n\t\t\t\t\t\t\t<a\n\t\t\t\t\thref=\"https:\/\/camerapulitica.fr\/index.php\/2024\/11\/08\/alain-luciani\/\"\n\t\t\t\t\t\t\t\t\t\tstyle=\"background-image: url( https:\/\/camerapulitica.fr\/wp-content\/uploads\/2024\/11\/Alain-Luciani-272x182.jpeg )\"\n\t\t\t\t\taria-labelledby=\"sow-carousel-id-437\"\n\t\t\t\t\ttabindex=\"-1\"\n\t\t\t\t>\n\t\t\t\t\t<span class=\"overlay\"><\/span>\n\t\t\t\t<\/a>\n\t\t\t\t\t<\/div>\n\t\t<h3 class=\"sow-carousel-item-title\">\n\t\t\t<a\n\t\t\t\thref=\"https:\/\/camerapulitica.fr\/index.php\/2024\/11\/08\/alain-luciani\/\"\n\t\t\t\tid=\"sow-carousel-id-437\"\n\t\t\t\t\t\t\t\ttabindex=\"-1\"\n\t\t\t>\n\n\t\t\t\tAlain Luciani\t\t\t<\/a>\n\t\t<\/h3>\n\t<\/div>\n\t<div class=\"sow-carousel-item\" tabindex=\"-1\" style=\"float: left;\">\n\t\t<div class=\"sow-carousel-thumbnail\">\n\t\t\t\t\t\t\t<a\n\t\t\t\t\thref=\"https:\/\/camerapulitica.fr\/index.php\/2024\/11\/06\/miche-donofrio\/\"\n\t\t\t\t\t\t\t\t\t\tstyle=\"background-image: url( https:\/\/camerapulitica.fr\/wp-content\/uploads\/2024\/10\/Miche-dOnofrio-site-272x182.jpg )\"\n\t\t\t\t\taria-labelledby=\"sow-carousel-id-270\"\n\t\t\t\t\ttabindex=\"-1\"\n\t\t\t\t>\n\t\t\t\t\t<span class=\"overlay\"><\/span>\n\t\t\t\t<\/a>\n\t\t\t\t\t<\/div>\n\t\t<h3 class=\"sow-carousel-item-title\">\n\t\t\t<a\n\t\t\t\thref=\"https:\/\/camerapulitica.fr\/index.php\/2024\/11\/06\/miche-donofrio\/\"\n\t\t\t\tid=\"sow-carousel-id-270\"\n\t\t\t\t\t\t\t\ttabindex=\"-1\"\n\t\t\t>\n\n\t\t\t\tMich\u00e8 D\u2019Onofrio\t\t\t<\/a>\n\t\t<\/h3>\n\t<\/div>\n\t<div class=\"sow-carousel-item\" tabindex=\"-1\" style=\"float: left;\">\n\t\t<div class=\"sow-carousel-thumbnail\">\n\t\t\t\t\t\t\t<a\n\t\t\t\t\thref=\"https:\/\/camerapulitica.fr\/index.php\/2024\/11\/06\/roselyne-bachelot\/\"\n\t\t\t\t\t\t\t\t\t\tstyle=\"background-image: url( https:\/\/camerapulitica.fr\/wp-content\/uploads\/2024\/10\/Roselyne-Bachelot-Site-272x182.jpg )\"\n\t\t\t\t\taria-labelledby=\"sow-carousel-id-276\"\n\t\t\t\t\ttabindex=\"-1\"\n\t\t\t\t>\n\t\t\t\t\t<span class=\"overlay\"><\/span>\n\t\t\t\t<\/a>\n\t\t\t\t\t<\/div>\n\t\t<h3 class=\"sow-carousel-item-title\">\n\t\t\t<a\n\t\t\t\thref=\"https:\/\/camerapulitica.fr\/index.php\/2024\/11\/06\/roselyne-bachelot\/\"\n\t\t\t\tid=\"sow-carousel-id-276\"\n\t\t\t\t\t\t\t\ttabindex=\"-1\"\n\t\t\t>\n\n\t\t\t\tRoselyne Bachelot\t\t\t<\/a>\n\t\t<\/h3>\n\t<\/div>\n\t<div class=\"sow-carousel-item\" tabindex=\"-1\" style=\"float: left;\">\n\t\t<div class=\"sow-carousel-thumbnail\">\n\t\t\t\t\t\t\t<a\n\t\t\t\t\thref=\"https:\/\/camerapulitica.fr\/index.php\/2024\/11\/06\/vittorio-gazale\/\"\n\t\t\t\t\t\t\t\t\t\tstyle=\"background-image: url( https:\/\/camerapulitica.fr\/wp-content\/uploads\/2024\/10\/vittorio-gazale-272x182.jpeg )\"\n\t\t\t\t\taria-labelledby=\"sow-carousel-id-338\"\n\t\t\t\t\ttabindex=\"-1\"\n\t\t\t\t>\n\t\t\t\t\t<span class=\"overlay\"><\/span>\n\t\t\t\t<\/a>\n\t\t\t\t\t<\/div>\n\t\t<h3 class=\"sow-carousel-item-title\">\n\t\t\t<a\n\t\t\t\thref=\"https:\/\/camerapulitica.fr\/index.php\/2024\/11\/06\/vittorio-gazale\/\"\n\t\t\t\tid=\"sow-carousel-id-338\"\n\t\t\t\t\t\t\t\ttabindex=\"-1\"\n\t\t\t>\n\n\t\t\t\tVittorio Gazal\u00e9\t\t\t<\/a>\n\t\t<\/h3>\n\t<\/div>\n\t<div class=\"sow-carousel-item\" tabindex=\"-1\" style=\"float: left;\">\n\t\t<div class=\"sow-carousel-thumbnail\">\n\t\t\t\t\t\t\t<a\n\t\t\t\t\thref=\"https:\/\/camerapulitica.fr\/index.php\/2024\/11\/06\/lea-salvini\/\"\n\t\t\t\t\t\t\t\t\t\tstyle=\"background-image: url( https:\/\/camerapulitica.fr\/wp-content\/uploads\/2024\/10\/lea-salvini-272x182.jpg )\"\n\t\t\t\t\taria-labelledby=\"sow-carousel-id-332\"\n\t\t\t\t\ttabindex=\"-1\"\n\t\t\t\t>\n\t\t\t\t\t<span class=\"overlay\"><\/span>\n\t\t\t\t<\/a>\n\t\t\t\t\t<\/div>\n\t\t<h3 class=\"sow-carousel-item-title\">\n\t\t\t<a\n\t\t\t\thref=\"https:\/\/camerapulitica.fr\/index.php\/2024\/11\/06\/lea-salvini\/\"\n\t\t\t\tid=\"sow-carousel-id-332\"\n\t\t\t\t\t\t\t\ttabindex=\"-1\"\n\t\t\t>\n\n\t\t\t\tL\u00e9a Salvini\t\t\t<\/a>\n\t\t<\/h3>\n\t<\/div>\n\t<div class=\"sow-carousel-item\" tabindex=\"-1\" style=\"float: left;\">\n\t\t<div class=\"sow-carousel-thumbnail\">\n\t\t\t\t\t\t\t<a\n\t\t\t\t\thref=\"https:\/\/camerapulitica.fr\/index.php\/2024\/11\/15\/laurent-simonpoli\/\"\n\t\t\t\t\t\t\t\t\t\tstyle=\"background-image: url( https:\/\/camerapulitica.fr\/wp-content\/uploads\/2024\/11\/laurent-simonpoli-site-272x182.jpg )\"\n\t\t\t\t\taria-labelledby=\"sow-carousel-id-452\"\n\t\t\t\t\ttabindex=\"-1\"\n\t\t\t\t>\n\t\t\t\t\t<span class=\"overlay\"><\/span>\n\t\t\t\t<\/a>\n\t\t\t\t\t<\/div>\n\t\t<h3 class=\"sow-carousel-item-title\">\n\t\t\t<a\n\t\t\t\thref=\"https:\/\/camerapulitica.fr\/index.php\/2024\/11\/15\/laurent-simonpoli\/\"\n\t\t\t\tid=\"sow-carousel-id-452\"\n\t\t\t\t\t\t\t\ttabindex=\"-1\"\n\t\t\t>\n\n\t\t\t\tLaurent Simonpoli\t\t\t<\/a>\n\t\t<\/h3>\n\t<\/div>\n\t<div class=\"sow-carousel-item\" tabindex=\"-1\" style=\"float: left;\">\n\t\t<div class=\"sow-carousel-thumbnail\">\n\t\t\t\t\t\t\t<a\n\t\t\t\t\thref=\"https:\/\/camerapulitica.fr\/index.php\/2024\/11\/06\/jacques-pradel\/\"\n\t\t\t\t\t\t\t\t\t\tstyle=\"background-image: url( https:\/\/camerapulitica.fr\/wp-content\/uploads\/2024\/10\/Jacques-Pradel-site-272x182.jpg )\"\n\t\t\t\t\taria-labelledby=\"sow-carousel-id-272\"\n\t\t\t\t\ttabindex=\"-1\"\n\t\t\t\t>\n\t\t\t\t\t<span class=\"overlay\"><\/span>\n\t\t\t\t<\/a>\n\t\t\t\t\t<\/div>\n\t\t<h3 class=\"sow-carousel-item-title\">\n\t\t\t<a\n\t\t\t\thref=\"https:\/\/camerapulitica.fr\/index.php\/2024\/11\/06\/jacques-pradel\/\"\n\t\t\t\tid=\"sow-carousel-id-272\"\n\t\t\t\t\t\t\t\ttabindex=\"-1\"\n\t\t\t>\n\n\t\t\t\tJacques Pradel\t\t\t<\/a>\n\t\t<\/h3>\n\t<\/div>\n\t<div class=\"sow-carousel-item\" tabindex=\"-1\" style=\"float: left;\">\n\t\t<div class=\"sow-carousel-thumbnail\">\n\t\t\t\t\t\t\t<a\n\t\t\t\t\thref=\"https:\/\/camerapulitica.fr\/index.php\/2024\/11\/06\/christian-lorre\/\"\n\t\t\t\t\t\t\t\t\t\tstyle=\"background-image: url( https:\/\/camerapulitica.fr\/wp-content\/uploads\/2024\/10\/Chrsitian-Lorre-272x182.jpg )\"\n\t\t\t\t\taria-labelledby=\"sow-carousel-id-303\"\n\t\t\t\t\ttabindex=\"-1\"\n\t\t\t\t>\n\t\t\t\t\t<span class=\"overlay\"><\/span>\n\t\t\t\t<\/a>\n\t\t\t\t\t<\/div>\n\t\t<h3 class=\"sow-carousel-item-title\">\n\t\t\t<a\n\t\t\t\thref=\"https:\/\/camerapulitica.fr\/index.php\/2024\/11\/06\/christian-lorre\/\"\n\t\t\t\tid=\"sow-carousel-id-303\"\n\t\t\t\t\t\t\t\ttabindex=\"-1\"\n\t\t\t>\n\n\t\t\t\tChristian Lorre\t\t\t<\/a>\n\t\t<\/h3>\n\t<\/div>\n\t<div class=\"sow-carousel-item\" tabindex=\"-1\" style=\"float: left;\">\n\t\t<div class=\"sow-carousel-thumbnail\">\n\t\t\t\t\t\t\t<a\n\t\t\t\t\thref=\"https:\/\/camerapulitica.fr\/index.php\/2024\/11\/06\/stephan-regoli\/\"\n\t\t\t\t\t\t\t\t\t\tstyle=\"background-image: url( https:\/\/camerapulitica.fr\/wp-content\/uploads\/2024\/10\/Stephan-Regoli-site-272x182.jpg )\"\n\t\t\t\t\taria-labelledby=\"sow-carousel-id-267\"\n\t\t\t\t\ttabindex=\"-1\"\n\t\t\t\t>\n\t\t\t\t\t<span class=\"overlay\"><\/span>\n\t\t\t\t<\/a>\n\t\t\t\t\t<\/div>\n\t\t<h3 class=\"sow-carousel-item-title\">\n\t\t\t<a\n\t\t\t\thref=\"https:\/\/camerapulitica.fr\/index.php\/2024\/11\/06\/stephan-regoli\/\"\n\t\t\t\tid=\"sow-carousel-id-267\"\n\t\t\t\t\t\t\t\ttabindex=\"-1\"\n\t\t\t>\n\n\t\t\t\tStephan Regoli\t\t\t<\/a>\n\t\t<\/h3>\n\t<\/div>\n\t<div class=\"sow-carousel-item\" tabindex=\"-1\" style=\"float: left;\">\n\t\t<div class=\"sow-carousel-thumbnail\">\n\t\t\t\t\t\t\t<a\n\t\t\t\t\thref=\"https:\/\/camerapulitica.fr\/index.php\/2024\/11\/06\/leo-battesti\/\"\n\t\t\t\t\tclass=\"sow-carousel-default-thumbnail\"\n\t\t\t\t\t\t\t\t\t\t\t\t\t\t\taria-labelledby=\"sow-carousel-id-274\"\n\t\t\t\t\ttabindex=\"-1\"\n\t\t\t\t>\n\t\t\t\t\t<span class=\"overlay\"><\/span>\n\t\t\t\t<\/a>\n\t\t\t\t\t<\/div>\n\t\t<h3 class=\"sow-carousel-item-title\">\n\t\t\t<a\n\t\t\t\thref=\"https:\/\/camerapulitica.fr\/index.php\/2024\/11\/06\/leo-battesti\/\"\n\t\t\t\tid=\"sow-carousel-id-274\"\n\t\t\t\t\t\t\t\ttabindex=\"-1\"\n\t\t\t>\n\n\t\t\t\tL\u00e9o Battesti\t\t\t<\/a>\n\t\t<\/h3>\n\t<\/div>\n\t<div class=\"sow-carousel-item\" tabindex=\"-1\" style=\"float: left;\">\n\t\t<div class=\"sow-carousel-thumbnail\">\n\t\t\t\t\t\t\t<a\n\t\t\t\t\thref=\"https:\/\/camerapulitica.fr\/index.php\/2024\/11\/06\/daniela-cossiga\/\"\n\t\t\t\t\t\t\t\t\t\tstyle=\"background-image: url( https:\/\/camerapulitica.fr\/wp-content\/uploads\/2024\/10\/Daniela-Cossiga-272x182.jpeg )\"\n\t\t\t\t\taria-labelledby=\"sow-carousel-id-336\"\n\t\t\t\t\ttabindex=\"-1\"\n\t\t\t\t>\n\t\t\t\t\t<span class=\"overlay\"><\/span>\n\t\t\t\t<\/a>\n\t\t\t\t\t<\/div>\n\t\t<h3 class=\"sow-carousel-item-title\">\n\t\t\t<a\n\t\t\t\thref=\"https:\/\/camerapulitica.fr\/index.php\/2024\/11\/06\/daniela-cossiga\/\"\n\t\t\t\tid=\"sow-carousel-id-336\"\n\t\t\t\t\t\t\t\ttabindex=\"-1\"\n\t\t\t>\n\n\t\t\t\tDaniela Cossiga\t\t\t<\/a>\n\t\t<\/h3>\n\t<\/div>\n\t\t<\/div>\n\t\t\t<\/div>\n\n\t<\/div>\n\t\t<input type=\"hidden\" name=\"instance_hash\" value=\"55bee9b5\"\/>\n\t<\/div>\n<\/div><\/div><\/div><div id=\"panel-222-3-0-3\" class=\"so-panel widget widget_sow-post-carousel panel-last-child\" data-index=\"10\" ><div style=\"text-align: left;\" data-title-color=\"#443f3f\" data-headings-color=\"#443f3f\" class=\"panel-widget-style panel-widget-style-for-222-3-0-3\" ><div\n\t\t\t\n\t\t\tclass=\"so-widget-sow-post-carousel so-widget-sow-post-carousel-base-2cd1a1bdf515-336\"\n\t\t\t\n\t\t>\t<div\n\t\tclass=\"sow-post-carousel-wrapper sow-post-carousel-theme-base\"\n\t\tstyle=\"overflow: hidden; max-width: 100%; min-height: 182px\"\n\t>\n\t\t<div class=\"sow-carousel-title has-title\">\n\t<h3 class=\"widget-title\">LES RENCONTRES<\/h3>\t\t<div class=\"sow-carousel-navigation \">\n\t\t\t\t\t\t<a href=\"#\" class=\"sow-carousel-next\" title=\"Suivant\" aria-label=\"Next Posts\" role=\"button\"><\/a>\n\t\t\t\t\t\t<a href=\"#\" class=\"sow-carousel-previous\" title=\"Pr\u00e9c\u00e9dent\" aria-label=\"Previous Posts\" role=\"button\"><\/a>\n\t\t\t\t\t<\/div>\n\t<\/div>\n\n<div class=\"sow-carousel-container \">\n\t\t<div class=\"sow-carousel-wrapper\"\n\t\tdata-dir=\"ltr\"\n\t\tstyle=\"opacity: 0;\"\n\t\tdata-widget=\"post\" data-fetching=\"false\" data-page=\"1\" data-ajax-url=\"https:\/\/camerapulitica.fr\/wp-admin\/admin-ajax.php?_widgets_nonce=8f21cf94ee\" data-item_count=\"8\" data-carousel_settings=\"{&quot;loop&quot;:true,&quot;animation&quot;:&quot;ease&quot;,&quot;animation_speed&quot;:400,&quot;autoplay&quot;:&quot;&quot;,&quot;pauseOnHover&quot;:&quot;&quot;,&quot;autoplaySpeed&quot;:8000,&quot;item_overflow&quot;:true,&quot;autoplay_continuous_scroll&quot;:false}\" data-responsive=\"{&quot;desktop_slides_to_scroll&quot;:1,&quot;tablet_landscape_breakpoint&quot;:1366,&quot;tablet_landscape_slides_to_scroll&quot;:2,&quot;tablet_portrait_breakpoint&quot;:1025,&quot;tablet_portrait_slides_to_scroll&quot;:2,&quot;mobile_breakpoint&quot;:480,&quot;mobile_slides_to_scroll&quot;:1}\" data-variable_width=\"true\" \t>\n\t\t<div\n\t\t\tclass=\"sow-carousel-items\"\n\t\t\t\t\t>\n\t\t\t\t<div class=\"sow-carousel-item\" tabindex=\"-1\" style=\"float: left;\">\n\t\t<div class=\"sow-carousel-thumbnail\">\n\t\t\t\t\t\t\t<a\n\t\t\t\t\thref=\"https:\/\/camerapulitica.fr\/index.php\/2024\/11\/06\/christophe-bourseiller-recoit-leo-battesti\/\"\n\t\t\t\t\tclass=\"sow-carousel-default-thumbnail\"\n\t\t\t\t\t\t\t\t\t\t\t\t\t\t\taria-labelledby=\"sow-carousel-id-366\"\n\t\t\t\t\ttabindex=\"-1\"\n\t\t\t\t>\n\t\t\t\t\t<span class=\"overlay\"><\/span>\n\t\t\t\t<\/a>\n\t\t\t\t\t<\/div>\n\t\t<h3 class=\"sow-carousel-item-title\">\n\t\t\t<a\n\t\t\t\thref=\"https:\/\/camerapulitica.fr\/index.php\/2024\/11\/06\/christophe-bourseiller-recoit-leo-battesti\/\"\n\t\t\t\tid=\"sow-carousel-id-366\"\n\t\t\t\t\t\t\t\ttabindex=\"-1\"\n\t\t\t>\n\n\t\t\t\tCHRISTOPHE BOURSEILLER RE\u00c7OIT L\u00c9O BATTESTI\t\t\t<\/a>\n\t\t<\/h3>\n\t<\/div>\n\t<div class=\"sow-carousel-item\" tabindex=\"-1\" style=\"float: left;\">\n\t\t<div class=\"sow-carousel-thumbnail\">\n\t\t\t\t\t\t\t<a\n\t\t\t\t\thref=\"https:\/\/camerapulitica.fr\/index.php\/2024\/11\/06\/christophe-bourseiller-recoit-thierry-de-peretti\/\"\n\t\t\t\t\tclass=\"sow-carousel-default-thumbnail\"\n\t\t\t\t\t\t\t\t\t\t\t\t\t\t\taria-labelledby=\"sow-carousel-id-360\"\n\t\t\t\t\ttabindex=\"-1\"\n\t\t\t\t>\n\t\t\t\t\t<span class=\"overlay\"><\/span>\n\t\t\t\t<\/a>\n\t\t\t\t\t<\/div>\n\t\t<h3 class=\"sow-carousel-item-title\">\n\t\t\t<a\n\t\t\t\thref=\"https:\/\/camerapulitica.fr\/index.php\/2024\/11\/06\/christophe-bourseiller-recoit-thierry-de-peretti\/\"\n\t\t\t\tid=\"sow-carousel-id-360\"\n\t\t\t\t\t\t\t\ttabindex=\"-1\"\n\t\t\t>\n\n\t\t\t\tCHRISTOPHE BOURSEILLER RE\u00c7OIT THIERRY DE PERETTI\t\t\t<\/a>\n\t\t<\/h3>\n\t<\/div>\n\t<div class=\"sow-carousel-item\" tabindex=\"-1\" style=\"float: left;\">\n\t\t<div class=\"sow-carousel-thumbnail\">\n\t\t\t\t\t\t\t<a\n\t\t\t\t\thref=\"https:\/\/camerapulitica.fr\/index.php\/2024\/11\/06\/crime-et-politique\/\"\n\t\t\t\t\t\t\t\t\t\tstyle=\"background-image: url( https:\/\/camerapulitica.fr\/wp-content\/uploads\/2024\/10\/Jacques-Pradel-site-272x182.jpg )\"\n\t\t\t\t\taria-labelledby=\"sow-carousel-id-371\"\n\t\t\t\t\ttabindex=\"-1\"\n\t\t\t\t>\n\t\t\t\t\t<span class=\"overlay\"><\/span>\n\t\t\t\t<\/a>\n\t\t\t\t\t<\/div>\n\t\t<h3 class=\"sow-carousel-item-title\">\n\t\t\t<a\n\t\t\t\thref=\"https:\/\/camerapulitica.fr\/index.php\/2024\/11\/06\/crime-et-politique\/\"\n\t\t\t\tid=\"sow-carousel-id-371\"\n\t\t\t\t\t\t\t\ttabindex=\"-1\"\n\t\t\t>\n\n\t\t\t\tLA CAUSERIE : CRIME ET POLITIQUE\t\t\t<\/a>\n\t\t<\/h3>\n\t<\/div>\n\t<div class=\"sow-carousel-item\" tabindex=\"-1\" style=\"float: left;\">\n\t\t<div class=\"sow-carousel-thumbnail\">\n\t\t\t\t\t\t\t<a\n\t\t\t\t\thref=\"https:\/\/camerapulitica.fr\/index.php\/2024\/11\/08\/masterclass-abraham-lincoln-antithese-des-etats-unis-de-2024\/\"\n\t\t\t\t\t\t\t\t\t\tstyle=\"background-image: url( https:\/\/camerapulitica.fr\/wp-content\/uploads\/2024\/11\/Alain-Luciani-272x182.jpeg )\"\n\t\t\t\t\taria-labelledby=\"sow-carousel-id-440\"\n\t\t\t\t\ttabindex=\"-1\"\n\t\t\t\t>\n\t\t\t\t\t<span class=\"overlay\"><\/span>\n\t\t\t\t<\/a>\n\t\t\t\t\t<\/div>\n\t\t<h3 class=\"sow-carousel-item-title\">\n\t\t\t<a\n\t\t\t\thref=\"https:\/\/camerapulitica.fr\/index.php\/2024\/11\/08\/masterclass-abraham-lincoln-antithese-des-etats-unis-de-2024\/\"\n\t\t\t\tid=\"sow-carousel-id-440\"\n\t\t\t\t\t\t\t\ttabindex=\"-1\"\n\t\t\t>\n\n\t\t\t\tMASTERCLASS : ABRAHAM LINCOLN, ANTITH\u00c8SE DES \u00c9TATS-UNIS DE 2024\t\t\t<\/a>\n\t\t<\/h3>\n\t<\/div>\n\t<div class=\"sow-carousel-item\" tabindex=\"-1\" style=\"float: left;\">\n\t\t<div class=\"sow-carousel-thumbnail\">\n\t\t\t\t\t\t\t<a\n\t\t\t\t\thref=\"https:\/\/camerapulitica.fr\/index.php\/2024\/11\/06\/vittorio-gazale-copy\/\"\n\t\t\t\t\t\t\t\t\t\tstyle=\"background-image: url( https:\/\/camerapulitica.fr\/wp-content\/uploads\/2024\/10\/vittorio-gazale-272x182.jpeg )\"\n\t\t\t\t\taria-labelledby=\"sow-carousel-id-386\"\n\t\t\t\t\ttabindex=\"-1\"\n\t\t\t\t>\n\t\t\t\t\t<span class=\"overlay\"><\/span>\n\t\t\t\t<\/a>\n\t\t\t\t\t<\/div>\n\t\t<h3 class=\"sow-carousel-item-title\">\n\t\t\t<a\n\t\t\t\thref=\"https:\/\/camerapulitica.fr\/index.php\/2024\/11\/06\/vittorio-gazale-copy\/\"\n\t\t\t\tid=\"sow-carousel-id-386\"\n\t\t\t\t\t\t\t\ttabindex=\"-1\"\n\t\t\t>\n\n\t\t\t\tLA CAUSERIE : COMMENT SAUVER LA CORSE ET LA SARDAIGNE?\t\t\t<\/a>\n\t\t<\/h3>\n\t<\/div>\n\t<div class=\"sow-carousel-item\" tabindex=\"-1\" style=\"float: left;\">\n\t\t<div class=\"sow-carousel-thumbnail\">\n\t\t\t\t\t\t\t<a\n\t\t\t\t\thref=\"https:\/\/camerapulitica.fr\/index.php\/2024\/11\/06\/christophe-bourseiller-recoit-roselyne-bachelot\/\"\n\t\t\t\t\t\t\t\t\t\tstyle=\"background-image: url( https:\/\/camerapulitica.fr\/wp-content\/uploads\/2024\/10\/Roselyne-Bachelot-Site-272x182.jpg )\"\n\t\t\t\t\taria-labelledby=\"sow-carousel-id-356\"\n\t\t\t\t\ttabindex=\"-1\"\n\t\t\t\t>\n\t\t\t\t\t<span class=\"overlay\"><\/span>\n\t\t\t\t<\/a>\n\t\t\t\t\t<\/div>\n\t\t<h3 class=\"sow-carousel-item-title\">\n\t\t\t<a\n\t\t\t\thref=\"https:\/\/camerapulitica.fr\/index.php\/2024\/11\/06\/christophe-bourseiller-recoit-roselyne-bachelot\/\"\n\t\t\t\tid=\"sow-carousel-id-356\"\n\t\t\t\t\t\t\t\ttabindex=\"-1\"\n\t\t\t>\n\n\t\t\t\tCHRISTOPHE BOURSEILLER RE\u00c7OIT ROSELYNE BACHELOT\t\t\t<\/a>\n\t\t<\/h3>\n\t<\/div>\n\t<div class=\"sow-carousel-item\" tabindex=\"-1\" style=\"float: left;\">\n\t\t<div class=\"sow-carousel-thumbnail\">\n\t\t\t\t\t\t\t<a\n\t\t\t\t\thref=\"https:\/\/camerapulitica.fr\/index.php\/2024\/11\/06\/christophe-bourseiller-recoit-roselyne-bachelot-copy\/\"\n\t\t\t\t\t\t\t\t\t\tstyle=\"background-image: url( https:\/\/camerapulitica.fr\/wp-content\/uploads\/2024\/10\/Roselyne-Bachelot-Site-272x182.jpg )\"\n\t\t\t\t\taria-labelledby=\"sow-carousel-id-383\"\n\t\t\t\t\ttabindex=\"-1\"\n\t\t\t\t>\n\t\t\t\t\t<span class=\"overlay\"><\/span>\n\t\t\t\t<\/a>\n\t\t\t\t\t<\/div>\n\t\t<h3 class=\"sow-carousel-item-title\">\n\t\t\t<a\n\t\t\t\thref=\"https:\/\/camerapulitica.fr\/index.php\/2024\/11\/06\/christophe-bourseiller-recoit-roselyne-bachelot-copy\/\"\n\t\t\t\tid=\"sow-carousel-id-383\"\n\t\t\t\t\t\t\t\ttabindex=\"-1\"\n\t\t\t>\n\n\t\t\t\tLA CAUSERIE : L&rsquo;ENGAGEMENT\t\t\t<\/a>\n\t\t<\/h3>\n\t<\/div>\n\t<div class=\"sow-carousel-item\" tabindex=\"-1\" style=\"float: left;\">\n\t\t<div class=\"sow-carousel-thumbnail\">\n\t\t\t\t\t\t\t<a\n\t\t\t\t\thref=\"https:\/\/camerapulitica.fr\/index.php\/2024\/11\/06\/sante-maurizi-copy\/\"\n\t\t\t\t\t\t\t\t\t\tstyle=\"background-image: url( https:\/\/camerapulitica.fr\/wp-content\/uploads\/2024\/10\/Sante-Maurizi-272x182.jpg )\"\n\t\t\t\t\taria-labelledby=\"sow-carousel-id-391\"\n\t\t\t\t\ttabindex=\"-1\"\n\t\t\t\t>\n\t\t\t\t\t<span class=\"overlay\"><\/span>\n\t\t\t\t<\/a>\n\t\t\t\t\t<\/div>\n\t\t<h3 class=\"sow-carousel-item-title\">\n\t\t\t<a\n\t\t\t\thref=\"https:\/\/camerapulitica.fr\/index.php\/2024\/11\/06\/sante-maurizi-copy\/\"\n\t\t\t\tid=\"sow-carousel-id-391\"\n\t\t\t\t\t\t\t\ttabindex=\"-1\"\n\t\t\t>\n\n\t\t\t\tMASTERCLASS : LE PAYSAGE ET LE CIN\u00c9MA\t\t\t<\/a>\n\t\t<\/h3>\n\t<\/div>\n\t\t<\/div>\n\t\t\t<\/div>\n\n\t<\/div>\n\t\t<input type=\"hidden\" name=\"instance_hash\" value=\"515ba0d3\"\/>\n\t<\/div>\n<\/div><\/div><\/div><\/div><\/div><\/div><\/div>","protected":false},"excerpt":{"rendered":"<p>de Cyril Aris<br \/>\nDocumentaire, 2024, Liban, Allemagne, 1h27<br \/>\nApr\u00e8s l&rsquo;explosion au port de Beyrouth du 4 ao\u00fbt 2020, une \u00e9quipe de tournage fait face \u00e0 un dilemme : affronter le chaos et poursuivre le tournage de son film, ou l\u2019abandonner face aux crises qui gagnent le pays. Danser sur un volcan met en \u00e9vidence la r\u00e9silience de l\u2019\u00e9quipe et raconte sa lutte pour continuer \u00e0 faire du cin\u00e9ma au milieu d\u2019une ville d\u00e9vast\u00e9e.<\/p>\n","protected":false},"author":2,"featured_media":181,"comment_status":"closed","ping_status":"closed","sticky":false,"template":"","format":"standard","meta":{"footnotes":""},"categories":[5,6],"tags":[],"class_list":["post-222","post","type-post","status-publish","format-standard","has-post-thumbnail","hentry","category-5","category-films-2024"],"_links":{"self":[{"href":"https:\/\/camerapulitica.fr\/index.php\/wp-json\/wp\/v2\/posts\/222","targetHints":{"allow":["GET"]}}],"collection":[{"href":"https:\/\/camerapulitica.fr\/index.php\/wp-json\/wp\/v2\/posts"}],"about":[{"href":"https:\/\/camerapulitica.fr\/index.php\/wp-json\/wp\/v2\/types\/post"}],"author":[{"embeddable":true,"href":"https:\/\/camerapulitica.fr\/index.php\/wp-json\/wp\/v2\/users\/2"}],"replies":[{"embeddable":true,"href":"https:\/\/camerapulitica.fr\/index.php\/wp-json\/wp\/v2\/comments?post=222"}],"version-history":[{"count":3,"href":"https:\/\/camerapulitica.fr\/index.php\/wp-json\/wp\/v2\/posts\/222\/revisions"}],"predecessor-version":[{"id":289,"href":"https:\/\/camerapulitica.fr\/index.php\/wp-json\/wp\/v2\/posts\/222\/revisions\/289"}],"wp:featuredmedia":[{"embeddable":true,"href":"https:\/\/camerapulitica.fr\/index.php\/wp-json\/wp\/v2\/media\/181"}],"wp:attachment":[{"href":"https:\/\/camerapulitica.fr\/index.php\/wp-json\/wp\/v2\/media?parent=222"}],"wp:term":[{"taxonomy":"category","embeddable":true,"href":"https:\/\/camerapulitica.fr\/index.php\/wp-json\/wp\/v2\/categories?post=222"},{"taxonomy":"post_tag","embeddable":true,"href":"https:\/\/camerapulitica.fr\/index.php\/wp-json\/wp\/v2\/tags?post=222"}],"curies":[{"name":"wp","href":"https:\/\/api.w.org\/{rel}","templated":true}]}}