{"id":498,"date":"2025-10-31T09:50:29","date_gmt":"2025-10-31T08:50:29","guid":{"rendered":"https:\/\/camerapulitica.fr\/?p=498"},"modified":"2025-11-03T14:51:53","modified_gmt":"2025-11-03T13:51:53","slug":"la-voix-de-hind-rajab","status":"publish","type":"post","link":"https:\/\/camerapulitica.fr\/index.php\/2025\/10\/31\/la-voix-de-hind-rajab\/","title":{"rendered":"LA VOIX DE HIND RAJAB"},"content":{"rendered":"<div id=\"pl-498\"  class=\"panel-layout\" ><div id=\"pg-498-0\"  class=\"panel-grid panel-has-style\" ><div style=\"padding: 20px 0; \" data-overlay=\"true\" data-overlay-color=\"#000000\" class=\"panel-row-style panel-row-style-for-498-0\" ><div id=\"pgc-498-0-0\"  class=\"panel-grid-cell\" ><div id=\"panel-498-0-0-0\" class=\"so-panel widget widget_sow-editor panel-first-child\" data-index=\"0\" ><div style=\"text-align: left;\" data-title-color=\"#443f3f\" data-headings-color=\"#443f3f\" class=\"panel-widget-style panel-widget-style-for-498-0-0-0\" ><div\n\t\t\t\n\t\t\tclass=\"so-widget-sow-editor so-widget-sow-editor-base\"\n\t\t\t\n\t\t>\n<div class=\"siteorigin-widget-tinymce textwidget\">\n\t<h3><strong>de Kaouther Ben Hania<br \/>\n<\/strong><\/h3>\n<p><span style=\"font-weight: 400;\">Fiction, 2025, Tunisie, France, 1h29, avant-premi<span class=\"BxUVEf ILfuVd\" lang=\"fr\"><span class=\"hgKElc\">\u00e8<\/span><\/span>re<\/span><\/p>\n<\/div>\n<\/div><\/div><\/div><div id=\"panel-498-0-0-1\" class=\"so-panel widget widget_sow-image\" data-index=\"1\" ><div style=\"text-align: left;\" data-title-color=\"#443f3f\" data-headings-color=\"#443f3f\" class=\"panel-widget-style panel-widget-style-for-498-0-0-1\" ><div\n\t\t\t\n\t\t\tclass=\"so-widget-sow-image so-widget-sow-image-default-a258e6bfa2d8-498\"\n\t\t\t\n\t\t>\n\n<div class=\"sow-image-container\">\n\t\t<img loading=\"lazy\" decoding=\"async\" src=\"https:\/\/camerapulitica.fr\/wp-content\/uploads\/2025\/10\/la-voix-de-Hind-Rajab-e1761742096271.png\" width=\"800\" height=\"600\" sizes=\"auto, (max-width: 800px) 100vw, 800px\" title=\"la voix de Hind Rajab\" alt=\"\" \t\tclass=\"so-widget-image\"\/>\n\t<\/div>\n\n<\/div><\/div><\/div><div id=\"panel-498-0-0-2\" class=\"so-panel widget widget_sow-editor panel-last-child\" data-index=\"2\" ><div style=\"text-align: left;\" data-title-color=\"#443f3f\" data-headings-color=\"#443f3f\" class=\"panel-widget-style panel-widget-style-for-498-0-0-2\" ><div\n\t\t\t\n\t\t\tclass=\"so-widget-sow-editor so-widget-sow-editor-base\"\n\t\t\t\n\t\t>\n<div class=\"siteorigin-widget-tinymce textwidget\">\n\t<p><strong><span style=\"color: #cd1719;\">Synopsis<\/span><\/strong><\/p>\n<p>29 janvier 2024. Les b\u00e9n\u00e9voles du Croissant-Rouge re\u00e7oivent un appel d'urgence. Une fillette de six ans est pi\u00e9g\u00e9e dans une voiture sous les tirs \u00e0 Gaza et implore qu'on vienne la secourir. Tout en essayant de la garder en ligne, ils font tout leur possible pour lui envoyer une ambulance. Elle s'appelait Hind Rajab.<\/p>\n<p>La r\u00e9alisatrice tunisienne Kaouther Ben Hania, attach\u00e9e au festival Arte Mare o\u00f9 ses deux pr\u00e9c\u00e9dents films ont \u00e9t\u00e9 prim\u00e9s (<em>La Belle et la meute<\/em> en 2017 et <em>L'homme qui a vendu sa peau<\/em> en 2020), a accompagn\u00e9 en 2023 \u00e0 Bastia <em>Les Filles d\u2019Olfa<\/em>, s\u00e9lectionn\u00e9 en Comp\u00e9tition Officielle au Festival de Cannes et r\u00e9compens\u00e9 du C\u00e9sar du meilleur film documentaire en 2024.<br \/>\n<em>La Voix de Hind Rajab<\/em> remporte le Lion d\u2019argent \u00e0 la Mostra de Venise en 2025.<\/p>\n<p>&nbsp;<\/p>\n<\/div>\n<\/div><\/div><\/div><\/div><\/div><\/div><div id=\"pg-498-1\"  class=\"panel-grid panel-has-style\" ><div style=\"padding: 20px 0; \" data-overlay=\"true\" data-overlay-color=\"#000000\" class=\"panel-row-style panel-row-style-for-498-1\" ><div id=\"pgc-498-1-0\"  class=\"panel-grid-cell\" ><div id=\"panel-498-1-0-0\" class=\"so-panel widget widget_sow-editor panel-first-child panel-last-child\" data-index=\"3\" ><div style=\"text-align: left;\" data-title-color=\"#443f3f\" data-headings-color=\"#443f3f\" class=\"panel-widget-style panel-widget-style-for-498-1-0-0\" ><div\n\t\t\t\n\t\t\tclass=\"so-widget-sow-editor so-widget-sow-editor-base\"\n\t\t\t\n\t\t>\n<div class=\"siteorigin-widget-tinymce textwidget\">\n\t<p><span style=\"color: #cd1719;\"><strong>Fiche Technique<\/strong><\/span><\/p>\n<p style=\"text-align: left;\">Sc\u00e9nario : Kaouther Ben Hania<br \/>\nMusique : Amine Bouhafa<br \/>\nD\u00e9cors : Bessem Marzouk<br \/>\nImage : Juan Sarmiento G.<br \/>\nMontage : Qutaiba Barhamji, Maxime Mathis, Kaouther Ben Hania, Gwennol\u00e9 Le Borgne<br \/>\nProduction : Film4<br \/>\nDistribution : Jour2f\u00eate<\/p>\n<p>&nbsp;<\/p>\n<\/div>\n<\/div><\/div><\/div><\/div><div id=\"pgc-498-1-1\"  class=\"panel-grid-cell\" ><div id=\"panel-498-1-1-0\" class=\"so-panel widget widget_sow-editor panel-first-child panel-last-child\" data-index=\"4\" ><div style=\"text-align: left;\" data-title-color=\"#443f3f\" data-headings-color=\"#443f3f\" class=\"panel-widget-style panel-widget-style-for-498-1-1-0\" ><div\n\t\t\t\n\t\t\tclass=\"so-widget-sow-editor so-widget-sow-editor-base\"\n\t\t\t\n\t\t>\n<div class=\"siteorigin-widget-tinymce textwidget\">\n\t<p><span style=\"color: #cd1719;\"><strong>Distribution<\/strong><\/span><\/p>\n<p><span style=\"font-weight: 400;\">Avec : Amer Hlehel, Clara Khoury, Motaz Malhees<\/span><\/p>\n<\/div>\n<\/div><\/div><\/div><\/div><\/div><\/div><div id=\"pg-498-2\"  class=\"panel-grid panel-has-style\" ><div style=\"padding: 20px 0; \" data-overlay=\"true\" data-overlay-color=\"#000000\" class=\"panel-row-style panel-row-style-for-498-2\" ><div id=\"pgc-498-2-0\"  class=\"panel-grid-cell\" ><div id=\"panel-498-2-0-0\" class=\"so-panel widget widget_sow-editor panel-first-child panel-last-child\" data-index=\"5\" ><div style=\"text-align: left;\" data-title-color=\"#443f3f\" data-headings-color=\"#443f3f\" class=\"panel-widget-style panel-widget-style-for-498-2-0-0\" ><div\n\t\t\t\n\t\t\tclass=\"so-widget-sow-editor so-widget-sow-editor-base\"\n\t\t\t\n\t\t>\n<div class=\"siteorigin-widget-tinymce textwidget\">\n\t<p style=\"text-align: right;\">Le vendredi 28 novembre \u00e0 20h45<\/p>\n<\/div>\n<\/div><\/div><\/div><\/div><div id=\"pgc-498-2-1\"  class=\"panel-grid-cell\" ><div id=\"panel-498-2-1-0\" class=\"so-panel widget widget_sow-button panel-first-child panel-last-child\" data-index=\"6\" ><div style=\"text-align: left;\" data-title-color=\"#443f3f\" data-headings-color=\"#443f3f\" class=\"panel-widget-style panel-widget-style-for-498-2-1-0\" ><div\n\t\t\t\n\t\t\tclass=\"so-widget-sow-button so-widget-sow-button-flat-27d90634a12e-498\"\n\t\t\t\n\t\t><div class=\"ow-button-base ow-button-align-left\">\n\t<a\n\thref=\"https:\/\/www.helloasso.com\/associations\/association-arte-mare\/evenements\/la-voix-de-hind-rajab\"\n\t\tclass=\"ow-icon-placement-left ow-button-hover\" target=\"_blank\" rel=\"noopener noreferrer\" \t>\n\t\t<span>\n\t\t\t<span class=\"sow-icon-genericons\" data-sow-icon=\"&#xf447;\"\n\t\tstyle=\"\" \n\t\taria-hidden=\"true\"><\/span>\n\t\t\tACHETER MA PLACE\t\t<\/span>\n\t<\/a>\n<\/div>\n<\/div><\/div><\/div><\/div><\/div><\/div><div id=\"pg-498-3\"  class=\"panel-grid panel-has-style\" ><div style=\"padding: 20px 0; \" data-overlay=\"true\" data-overlay-color=\"#000000\" class=\"panel-row-style panel-row-style-for-498-3\" ><div id=\"pgc-498-3-0\"  class=\"panel-grid-cell\" ><div id=\"panel-498-3-0-0\" class=\"so-panel widget widget_sow-video panel-first-child\" data-index=\"7\" ><div style=\"text-align: left;\" data-title-color=\"#443f3f\" data-headings-color=\"#443f3f\" class=\"panel-widget-style panel-widget-style-for-498-3-0-0\" ><div\n\t\t\t\n\t\t\tclass=\"so-widget-sow-video so-widget-sow-video-default-f379b959fc93-498\"\n\t\t\t\n\t\t>\n<div class=\"sow-video-wrapper no-controls\">\n\t\t\t<iframe loading=\"lazy\" title=\"The Voice of Hind Rajab (Kaouther Ben Hania) - Trailer BE\" width=\"1170\" height=\"658\" src=\"https:\/\/www.youtube.com\/embed\/rCK0WBBnqzQ?feature=oembed&enablejsapi=1\" frameborder=\"0\" allow=\"accelerometer; autoplay; clipboard-write; encrypted-media; gyroscope; picture-in-picture; web-share\" referrerpolicy=\"strict-origin-when-cross-origin\" allowfullscreen allowfullscreen mozallowfullscreen webkitallowfullscreen><\/iframe>\t<\/div>\n<\/div><\/div><\/div><div id=\"panel-498-3-0-1\" class=\"so-panel widget widget_sow-post-carousel\" data-index=\"8\" ><div style=\"text-align: left;\" data-title-color=\"#443f3f\" data-headings-color=\"#443f3f\" class=\"panel-widget-style panel-widget-style-for-498-3-0-1\" ><div\n\t\t\t\n\t\t\tclass=\"so-widget-sow-post-carousel so-widget-sow-post-carousel-base-2cd1a1bdf515-498\"\n\t\t\t\n\t\t>\t<div\n\t\tclass=\"sow-post-carousel-wrapper sow-post-carousel-theme-base\"\n\t\tstyle=\"overflow: hidden; max-width: 100%; min-height: 182px\"\n\t>\n\t\t<div class=\"sow-carousel-title has-title\">\n\t<h3 class=\"widget-title\">LES FILMS<\/h3>\t\t<div class=\"sow-carousel-navigation \">\n\t\t\t\t\t\t<a href=\"#\" class=\"sow-carousel-next\" title=\"Suivant\" aria-label=\"Next Posts\" role=\"button\"><\/a>\n\t\t\t\t\t\t<a href=\"#\" class=\"sow-carousel-previous\" title=\"Pr\u00e9c\u00e9dent\" aria-label=\"Previous Posts\" role=\"button\"><\/a>\n\t\t\t\t\t<\/div>\n\t<\/div>\n\n<div class=\"sow-carousel-container \">\n\t\t<div class=\"sow-carousel-wrapper\"\n\t\tdata-dir=\"ltr\"\n\t\tstyle=\"opacity: 0;\"\n\t\tdata-widget=\"post\" data-fetching=\"false\" data-page=\"1\" data-ajax-url=\"https:\/\/camerapulitica.fr\/wp-admin\/admin-ajax.php?_widgets_nonce=8f21cf94ee\" data-item_count=\"13\" data-carousel_settings=\"{&quot;loop&quot;:true,&quot;animation&quot;:&quot;ease&quot;,&quot;animation_speed&quot;:400,&quot;autoplay&quot;:&quot;&quot;,&quot;pauseOnHover&quot;:&quot;&quot;,&quot;autoplaySpeed&quot;:8000,&quot;item_overflow&quot;:true,&quot;autoplay_continuous_scroll&quot;:false}\" data-responsive=\"{&quot;desktop_slides_to_scroll&quot;:1,&quot;tablet_landscape_breakpoint&quot;:1366,&quot;tablet_landscape_slides_to_scroll&quot;:2,&quot;tablet_portrait_breakpoint&quot;:1025,&quot;tablet_portrait_slides_to_scroll&quot;:2,&quot;mobile_breakpoint&quot;:480,&quot;mobile_slides_to_scroll&quot;:1}\" data-variable_width=\"true\" \t>\n\t\t<div\n\t\t\tclass=\"sow-carousel-items\"\n\t\t\t\t\t>\n\t\t\t\t<div class=\"sow-carousel-item\" tabindex=\"-1\" style=\"float: left;\">\n\t\t<div class=\"sow-carousel-thumbnail\">\n\t\t\t\t\t\t\t<a\n\t\t\t\t\thref=\"https:\/\/camerapulitica.fr\/index.php\/2025\/10\/31\/presidents\/\"\n\t\t\t\t\t\t\t\t\t\tstyle=\"background-image: url( https:\/\/camerapulitica.fr\/wp-content\/uploads\/2025\/10\/presidents-site-272x182.jpg )\"\n\t\t\t\t\taria-labelledby=\"sow-carousel-id-495\"\n\t\t\t\t\ttabindex=\"-1\"\n\t\t\t\t>\n\t\t\t\t\t<span class=\"overlay\"><\/span>\n\t\t\t\t<\/a>\n\t\t\t\t\t<\/div>\n\t\t<h3 class=\"sow-carousel-item-title\">\n\t\t\t<a\n\t\t\t\thref=\"https:\/\/camerapulitica.fr\/index.php\/2025\/10\/31\/presidents\/\"\n\t\t\t\tid=\"sow-carousel-id-495\"\n\t\t\t\t\t\t\t\ttabindex=\"-1\"\n\t\t\t>\n\n\t\t\t\tPR\u00c9SIDENTS\t\t\t<\/a>\n\t\t<\/h3>\n\t<\/div>\n\t<div class=\"sow-carousel-item\" tabindex=\"-1\" style=\"float: left;\">\n\t\t<div class=\"sow-carousel-thumbnail\">\n\t\t\t\t\t\t\t<a\n\t\t\t\t\thref=\"https:\/\/camerapulitica.fr\/index.php\/2025\/10\/31\/the-presidents-cake\/\"\n\t\t\t\t\t\t\t\t\t\tstyle=\"background-image: url( https:\/\/camerapulitica.fr\/wp-content\/uploads\/2025\/10\/The-presidents-cake-272x182.jpg )\"\n\t\t\t\t\taria-labelledby=\"sow-carousel-id-521\"\n\t\t\t\t\ttabindex=\"-1\"\n\t\t\t\t>\n\t\t\t\t\t<span class=\"overlay\"><\/span>\n\t\t\t\t<\/a>\n\t\t\t\t\t<\/div>\n\t\t<h3 class=\"sow-carousel-item-title\">\n\t\t\t<a\n\t\t\t\thref=\"https:\/\/camerapulitica.fr\/index.php\/2025\/10\/31\/the-presidents-cake\/\"\n\t\t\t\tid=\"sow-carousel-id-521\"\n\t\t\t\t\t\t\t\ttabindex=\"-1\"\n\t\t\t>\n\n\t\t\t\tTHE PRESIDENT&rsquo;S CAKE\t\t\t<\/a>\n\t\t<\/h3>\n\t<\/div>\n\t<div class=\"sow-carousel-item\" tabindex=\"-1\" style=\"float: left;\">\n\t\t<div class=\"sow-carousel-thumbnail\">\n\t\t\t\t\t\t\t<a\n\t\t\t\t\thref=\"https:\/\/camerapulitica.fr\/index.php\/2025\/10\/31\/le-mage-du-kremlin\/\"\n\t\t\t\t\t\t\t\t\t\tstyle=\"background-image: url( https:\/\/camerapulitica.fr\/wp-content\/uploads\/2025\/10\/Le-Mage-du-Kremlin-site-272x182.jpg )\"\n\t\t\t\t\taria-labelledby=\"sow-carousel-id-502\"\n\t\t\t\t\ttabindex=\"-1\"\n\t\t\t\t>\n\t\t\t\t\t<span class=\"overlay\"><\/span>\n\t\t\t\t<\/a>\n\t\t\t\t\t<\/div>\n\t\t<h3 class=\"sow-carousel-item-title\">\n\t\t\t<a\n\t\t\t\thref=\"https:\/\/camerapulitica.fr\/index.php\/2025\/10\/31\/le-mage-du-kremlin\/\"\n\t\t\t\tid=\"sow-carousel-id-502\"\n\t\t\t\t\t\t\t\ttabindex=\"-1\"\n\t\t\t>\n\n\t\t\t\tLE MAGE DU KREMLIN\t\t\t<\/a>\n\t\t<\/h3>\n\t<\/div>\n\t<div class=\"sow-carousel-item\" tabindex=\"-1\" style=\"float: left;\">\n\t\t<div class=\"sow-carousel-thumbnail\">\n\t\t\t\t\t\t\t<a\n\t\t\t\t\thref=\"https:\/\/camerapulitica.fr\/index.php\/2025\/10\/31\/une-enfance-allemande-ile-daurum-1945\/\"\n\t\t\t\t\t\t\t\t\t\tstyle=\"background-image: url( https:\/\/camerapulitica.fr\/wp-content\/uploads\/2025\/10\/aurum-site-272x182.png )\"\n\t\t\t\t\taria-labelledby=\"sow-carousel-id-487\"\n\t\t\t\t\ttabindex=\"-1\"\n\t\t\t\t>\n\t\t\t\t\t<span class=\"overlay\"><\/span>\n\t\t\t\t<\/a>\n\t\t\t\t\t<\/div>\n\t\t<h3 class=\"sow-carousel-item-title\">\n\t\t\t<a\n\t\t\t\thref=\"https:\/\/camerapulitica.fr\/index.php\/2025\/10\/31\/une-enfance-allemande-ile-daurum-1945\/\"\n\t\t\t\tid=\"sow-carousel-id-487\"\n\t\t\t\t\t\t\t\ttabindex=\"-1\"\n\t\t\t>\n\n\t\t\t\tUNE ENFANCE ALLEMANDE &#8211; \u00ceLE D&rsquo;AMRUM, 1945\t\t\t<\/a>\n\t\t<\/h3>\n\t<\/div>\n\t<div class=\"sow-carousel-item\" tabindex=\"-1\" style=\"float: left;\">\n\t\t<div class=\"sow-carousel-thumbnail\">\n\t\t\t\t\t\t\t<a\n\t\t\t\t\thref=\"https:\/\/camerapulitica.fr\/index.php\/2025\/10\/31\/kika\/\"\n\t\t\t\t\t\t\t\t\t\tstyle=\"background-image: url( https:\/\/camerapulitica.fr\/wp-content\/uploads\/2025\/10\/Kika-site-272x182.jpg )\"\n\t\t\t\t\taria-labelledby=\"sow-carousel-id-479\"\n\t\t\t\t\ttabindex=\"-1\"\n\t\t\t\t>\n\t\t\t\t\t<span class=\"overlay\"><\/span>\n\t\t\t\t<\/a>\n\t\t\t\t\t<\/div>\n\t\t<h3 class=\"sow-carousel-item-title\">\n\t\t\t<a\n\t\t\t\thref=\"https:\/\/camerapulitica.fr\/index.php\/2025\/10\/31\/kika\/\"\n\t\t\t\tid=\"sow-carousel-id-479\"\n\t\t\t\t\t\t\t\ttabindex=\"-1\"\n\t\t\t>\n\n\t\t\t\tKIKA\t\t\t<\/a>\n\t\t<\/h3>\n\t<\/div>\n\t<div class=\"sow-carousel-item\" tabindex=\"-1\" style=\"float: left;\">\n\t\t<div class=\"sow-carousel-thumbnail\">\n\t\t\t\t\t\t\t<a\n\t\t\t\t\thref=\"https:\/\/camerapulitica.fr\/index.php\/2025\/10\/31\/les-braises\/\"\n\t\t\t\t\t\t\t\t\t\tstyle=\"background-image: url( https:\/\/camerapulitica.fr\/wp-content\/uploads\/2025\/10\/les-braises-site-1-272x182.jpg )\"\n\t\t\t\t\taria-labelledby=\"sow-carousel-id-511\"\n\t\t\t\t\ttabindex=\"-1\"\n\t\t\t\t>\n\t\t\t\t\t<span class=\"overlay\"><\/span>\n\t\t\t\t<\/a>\n\t\t\t\t\t<\/div>\n\t\t<h3 class=\"sow-carousel-item-title\">\n\t\t\t<a\n\t\t\t\thref=\"https:\/\/camerapulitica.fr\/index.php\/2025\/10\/31\/les-braises\/\"\n\t\t\t\tid=\"sow-carousel-id-511\"\n\t\t\t\t\t\t\t\ttabindex=\"-1\"\n\t\t\t>\n\n\t\t\t\tLES BRAISES\t\t\t<\/a>\n\t\t<\/h3>\n\t<\/div>\n\t<div class=\"sow-carousel-item\" tabindex=\"-1\" style=\"float: left;\">\n\t\t<div class=\"sow-carousel-thumbnail\">\n\t\t\t\t\t\t\t<a\n\t\t\t\t\thref=\"https:\/\/camerapulitica.fr\/index.php\/2025\/10\/31\/second-tour\/\"\n\t\t\t\t\t\t\t\t\t\tstyle=\"background-image: url( https:\/\/camerapulitica.fr\/wp-content\/uploads\/2025\/10\/second-tour-site-272x182.png )\"\n\t\t\t\t\taria-labelledby=\"sow-carousel-id-506\"\n\t\t\t\t\ttabindex=\"-1\"\n\t\t\t\t>\n\t\t\t\t\t<span class=\"overlay\"><\/span>\n\t\t\t\t<\/a>\n\t\t\t\t\t<\/div>\n\t\t<h3 class=\"sow-carousel-item-title\">\n\t\t\t<a\n\t\t\t\thref=\"https:\/\/camerapulitica.fr\/index.php\/2025\/10\/31\/second-tour\/\"\n\t\t\t\tid=\"sow-carousel-id-506\"\n\t\t\t\t\t\t\t\ttabindex=\"-1\"\n\t\t\t>\n\n\t\t\t\tSECOND TOUR\t\t\t<\/a>\n\t\t<\/h3>\n\t<\/div>\n\t<div class=\"sow-carousel-item\" tabindex=\"-1\" style=\"float: left;\">\n\t\t<div class=\"sow-carousel-thumbnail\">\n\t\t\t\t\t\t\t<a\n\t\t\t\t\thref=\"https:\/\/camerapulitica.fr\/index.php\/2025\/10\/31\/programme-de-courts-metrages\/\"\n\t\t\t\t\t\t\t\t\t\tstyle=\"background-image: url( https:\/\/camerapulitica.fr\/wp-content\/uploads\/2025\/10\/always-already-catalogue-272x182.jpg )\"\n\t\t\t\t\taria-labelledby=\"sow-carousel-id-613\"\n\t\t\t\t\ttabindex=\"-1\"\n\t\t\t\t>\n\t\t\t\t\t<span class=\"overlay\"><\/span>\n\t\t\t\t<\/a>\n\t\t\t\t\t<\/div>\n\t\t<h3 class=\"sow-carousel-item-title\">\n\t\t\t<a\n\t\t\t\thref=\"https:\/\/camerapulitica.fr\/index.php\/2025\/10\/31\/programme-de-courts-metrages\/\"\n\t\t\t\tid=\"sow-carousel-id-613\"\n\t\t\t\t\t\t\t\ttabindex=\"-1\"\n\t\t\t>\n\n\t\t\t\tPROGRAMME DE COURTS-M\u00c9TRAGES\t\t\t<\/a>\n\t\t<\/h3>\n\t<\/div>\n\t<div class=\"sow-carousel-item\" tabindex=\"-1\" style=\"float: left;\">\n\t\t<div class=\"sow-carousel-thumbnail\">\n\t\t\t\t\t\t\t<a\n\t\t\t\t\thref=\"https:\/\/camerapulitica.fr\/index.php\/2025\/11\/03\/une-citoyenne-volontaire\/\"\n\t\t\t\t\t\t\t\t\t\tstyle=\"background-image: url( https:\/\/camerapulitica.fr\/wp-content\/uploads\/2025\/11\/une-citoyenne-volontaire-272x182.jpg )\"\n\t\t\t\t\taria-labelledby=\"sow-carousel-id-755\"\n\t\t\t\t\ttabindex=\"-1\"\n\t\t\t\t>\n\t\t\t\t\t<span class=\"overlay\"><\/span>\n\t\t\t\t<\/a>\n\t\t\t\t\t<\/div>\n\t\t<h3 class=\"sow-carousel-item-title\">\n\t\t\t<a\n\t\t\t\thref=\"https:\/\/camerapulitica.fr\/index.php\/2025\/11\/03\/une-citoyenne-volontaire\/\"\n\t\t\t\tid=\"sow-carousel-id-755\"\n\t\t\t\t\t\t\t\ttabindex=\"-1\"\n\t\t\t>\n\n\t\t\t\tUNE CITOYENNE VOLONTAIRE\t\t\t<\/a>\n\t\t<\/h3>\n\t<\/div>\n\t<div class=\"sow-carousel-item\" tabindex=\"-1\" style=\"float: left;\">\n\t\t<div class=\"sow-carousel-thumbnail\">\n\t\t\t\t\t\t\t<a\n\t\t\t\t\thref=\"https:\/\/camerapulitica.fr\/index.php\/2025\/10\/31\/deux-procureurs\/\"\n\t\t\t\t\t\t\t\t\t\tstyle=\"background-image: url( https:\/\/camerapulitica.fr\/wp-content\/uploads\/2025\/10\/deux_procureurs-272x182.jpg )\"\n\t\t\t\t\taria-labelledby=\"sow-carousel-id-518\"\n\t\t\t\t\ttabindex=\"-1\"\n\t\t\t\t>\n\t\t\t\t\t<span class=\"overlay\"><\/span>\n\t\t\t\t<\/a>\n\t\t\t\t\t<\/div>\n\t\t<h3 class=\"sow-carousel-item-title\">\n\t\t\t<a\n\t\t\t\thref=\"https:\/\/camerapulitica.fr\/index.php\/2025\/10\/31\/deux-procureurs\/\"\n\t\t\t\tid=\"sow-carousel-id-518\"\n\t\t\t\t\t\t\t\ttabindex=\"-1\"\n\t\t\t>\n\n\t\t\t\tDEUX PROCUREURS\t\t\t<\/a>\n\t\t<\/h3>\n\t<\/div>\n\t<div class=\"sow-carousel-item\" tabindex=\"-1\" style=\"float: left;\">\n\t\t<div class=\"sow-carousel-thumbnail\">\n\t\t\t\t\t\t\t<a\n\t\t\t\t\thref=\"https:\/\/camerapulitica.fr\/index.php\/2025\/10\/31\/ceux-qui-ny-etaient-pas\/\"\n\t\t\t\t\t\t\t\t\t\tstyle=\"background-image: url( https:\/\/camerapulitica.fr\/wp-content\/uploads\/2025\/10\/ceux-qui-ny-etaient-pas-272x182.png )\"\n\t\t\t\t\taria-labelledby=\"sow-carousel-id-611\"\n\t\t\t\t\ttabindex=\"-1\"\n\t\t\t\t>\n\t\t\t\t\t<span class=\"overlay\"><\/span>\n\t\t\t\t<\/a>\n\t\t\t\t\t<\/div>\n\t\t<h3 class=\"sow-carousel-item-title\">\n\t\t\t<a\n\t\t\t\thref=\"https:\/\/camerapulitica.fr\/index.php\/2025\/10\/31\/ceux-qui-ny-etaient-pas\/\"\n\t\t\t\tid=\"sow-carousel-id-611\"\n\t\t\t\t\t\t\t\ttabindex=\"-1\"\n\t\t\t>\n\n\t\t\t\tCEUX QUI N&rsquo;Y \u00c9TAIENT PAS\t\t\t<\/a>\n\t\t<\/h3>\n\t<\/div>\n\t<div class=\"sow-carousel-item\" tabindex=\"-1\" style=\"float: left;\">\n\t\t<div class=\"sow-carousel-thumbnail\">\n\t\t\t\t\t\t\t<a\n\t\t\t\t\thref=\"https:\/\/camerapulitica.fr\/index.php\/2025\/10\/31\/u-mondu-he-una-scena\/\"\n\t\t\t\t\t\t\t\t\t\tstyle=\"background-image: url( https:\/\/camerapulitica.fr\/wp-content\/uploads\/2025\/10\/u-mondu-he-una-scena-272x182.png )\"\n\t\t\t\t\taria-labelledby=\"sow-carousel-id-602\"\n\t\t\t\t\ttabindex=\"-1\"\n\t\t\t\t>\n\t\t\t\t\t<span class=\"overlay\"><\/span>\n\t\t\t\t<\/a>\n\t\t\t\t\t<\/div>\n\t\t<h3 class=\"sow-carousel-item-title\">\n\t\t\t<a\n\t\t\t\thref=\"https:\/\/camerapulitica.fr\/index.php\/2025\/10\/31\/u-mondu-he-una-scena\/\"\n\t\t\t\tid=\"sow-carousel-id-602\"\n\t\t\t\t\t\t\t\ttabindex=\"-1\"\n\t\t\t>\n\n\t\t\t\tU MONDU H\u00c8 UNA SCENA\t\t\t<\/a>\n\t\t<\/h3>\n\t<\/div>\n\t<div class=\"sow-carousel-item\" tabindex=\"-1\" style=\"float: left;\">\n\t\t<div class=\"sow-carousel-thumbnail\">\n\t\t\t\t\t\t\t<a\n\t\t\t\t\thref=\"https:\/\/camerapulitica.fr\/index.php\/2025\/10\/31\/a-pied-doeuvre\/\"\n\t\t\t\t\t\t\t\t\t\tstyle=\"background-image: url( https:\/\/camerapulitica.fr\/wp-content\/uploads\/2025\/10\/a-pied-doeuvre-site-scaled-e1761741528987.jpg )\"\n\t\t\t\t\taria-labelledby=\"sow-carousel-id-491\"\n\t\t\t\t\ttabindex=\"-1\"\n\t\t\t\t>\n\t\t\t\t\t<span class=\"overlay\"><\/span>\n\t\t\t\t<\/a>\n\t\t\t\t\t<\/div>\n\t\t<h3 class=\"sow-carousel-item-title\">\n\t\t\t<a\n\t\t\t\thref=\"https:\/\/camerapulitica.fr\/index.php\/2025\/10\/31\/a-pied-doeuvre\/\"\n\t\t\t\tid=\"sow-carousel-id-491\"\n\t\t\t\t\t\t\t\ttabindex=\"-1\"\n\t\t\t>\n\n\t\t\t\t\u00c0 PIED D&rsquo;\u0152UVRE\t\t\t<\/a>\n\t\t<\/h3>\n\t<\/div>\n\t\t<\/div>\n\t\t\t<\/div>\n\n\t<\/div>\n\t\t<input type=\"hidden\" name=\"instance_hash\" value=\"b8ba8e21\"\/>\n\t<\/div>\n<\/div><\/div><\/div><div id=\"panel-498-3-0-2\" class=\"so-panel widget widget_sow-post-carousel\" data-index=\"9\" ><div style=\"text-align: left;\" data-title-color=\"#443f3f\" data-headings-color=\"#443f3f\" class=\"panel-widget-style panel-widget-style-for-498-3-0-2\" ><div\n\t\t\t\n\t\t\tclass=\"so-widget-sow-post-carousel so-widget-sow-post-carousel-base-2cd1a1bdf515-491\"\n\t\t\t\n\t\t>\t<div\n\t\tclass=\"sow-post-carousel-wrapper sow-post-carousel-theme-base\"\n\t\tstyle=\"overflow: hidden; max-width: 100%; min-height: 182px\"\n\t>\n\t\t<div class=\"sow-carousel-title has-title\">\n\t<h3 class=\"widget-title\">LES INVIT\u00c9S<\/h3>\t\t<div class=\"sow-carousel-navigation \">\n\t\t\t\t\t\t<a href=\"#\" class=\"sow-carousel-next\" title=\"Suivant\" aria-label=\"Next Posts\" role=\"button\"><\/a>\n\t\t\t\t\t\t<a href=\"#\" class=\"sow-carousel-previous\" title=\"Pr\u00e9c\u00e9dent\" aria-label=\"Previous Posts\" role=\"button\"><\/a>\n\t\t\t\t\t<\/div>\n\t<\/div>\n\n<div class=\"sow-carousel-container \">\n\t\t<div class=\"sow-carousel-wrapper\"\n\t\tdata-dir=\"ltr\"\n\t\tstyle=\"opacity: 0;\"\n\t\tdata-widget=\"post\" data-fetching=\"false\" data-page=\"1\" data-ajax-url=\"https:\/\/camerapulitica.fr\/wp-admin\/admin-ajax.php?_widgets_nonce=8f21cf94ee\" data-item_count=\"17\" data-carousel_settings=\"{&quot;loop&quot;:true,&quot;animation&quot;:&quot;ease&quot;,&quot;animation_speed&quot;:400,&quot;autoplay&quot;:&quot;&quot;,&quot;pauseOnHover&quot;:&quot;&quot;,&quot;autoplaySpeed&quot;:8000,&quot;item_overflow&quot;:true,&quot;autoplay_continuous_scroll&quot;:false}\" data-responsive=\"{&quot;desktop_slides_to_scroll&quot;:1,&quot;tablet_landscape_breakpoint&quot;:1366,&quot;tablet_landscape_slides_to_scroll&quot;:2,&quot;tablet_portrait_breakpoint&quot;:1025,&quot;tablet_portrait_slides_to_scroll&quot;:2,&quot;mobile_breakpoint&quot;:480,&quot;mobile_slides_to_scroll&quot;:1}\" data-variable_width=\"true\" \t>\n\t\t<div\n\t\t\tclass=\"sow-carousel-items\"\n\t\t\t\t\t>\n\t\t\t\t<div class=\"sow-carousel-item\" tabindex=\"-1\" style=\"float: left;\">\n\t\t<div class=\"sow-carousel-thumbnail\">\n\t\t\t\t\t\t\t<a\n\t\t\t\t\thref=\"https:\/\/camerapulitica.fr\/index.php\/2025\/10\/31\/anne-fontaine\/\"\n\t\t\t\t\t\t\t\t\t\tstyle=\"background-image: url( https:\/\/camerapulitica.fr\/wp-content\/uploads\/2025\/10\/Anne-Fontaine-site-272x182.jpg )\"\n\t\t\t\t\taria-labelledby=\"sow-carousel-id-524\"\n\t\t\t\t\ttabindex=\"-1\"\n\t\t\t\t>\n\t\t\t\t\t<span class=\"overlay\"><\/span>\n\t\t\t\t<\/a>\n\t\t\t\t\t<\/div>\n\t\t<h3 class=\"sow-carousel-item-title\">\n\t\t\t<a\n\t\t\t\thref=\"https:\/\/camerapulitica.fr\/index.php\/2025\/10\/31\/anne-fontaine\/\"\n\t\t\t\tid=\"sow-carousel-id-524\"\n\t\t\t\t\t\t\t\ttabindex=\"-1\"\n\t\t\t>\n\n\t\t\t\tAnne Fontaine\t\t\t<\/a>\n\t\t<\/h3>\n\t<\/div>\n\t<div class=\"sow-carousel-item\" tabindex=\"-1\" style=\"float: left;\">\n\t\t<div class=\"sow-carousel-thumbnail\">\n\t\t\t\t\t\t\t<a\n\t\t\t\t\thref=\"https:\/\/camerapulitica.fr\/index.php\/2025\/10\/31\/wanda-mastor\/\"\n\t\t\t\t\t\t\t\t\t\tstyle=\"background-image: url( https:\/\/camerapulitica.fr\/wp-content\/uploads\/2025\/10\/Wanda-Mastor-site-272x182.jpg )\"\n\t\t\t\t\taria-labelledby=\"sow-carousel-id-531\"\n\t\t\t\t\ttabindex=\"-1\"\n\t\t\t\t>\n\t\t\t\t\t<span class=\"overlay\"><\/span>\n\t\t\t\t<\/a>\n\t\t\t\t\t<\/div>\n\t\t<h3 class=\"sow-carousel-item-title\">\n\t\t\t<a\n\t\t\t\thref=\"https:\/\/camerapulitica.fr\/index.php\/2025\/10\/31\/wanda-mastor\/\"\n\t\t\t\tid=\"sow-carousel-id-531\"\n\t\t\t\t\t\t\t\ttabindex=\"-1\"\n\t\t\t>\n\n\t\t\t\tWanda Mastor\t\t\t<\/a>\n\t\t<\/h3>\n\t<\/div>\n\t<div class=\"sow-carousel-item\" tabindex=\"-1\" style=\"float: left;\">\n\t\t<div class=\"sow-carousel-thumbnail\">\n\t\t\t\t\t\t\t<a\n\t\t\t\t\thref=\"https:\/\/camerapulitica.fr\/index.php\/2025\/11\/07\/clara-maria-laredo\/\"\n\t\t\t\t\t\t\t\t\t\tstyle=\"background-image: url( https:\/\/camerapulitica.fr\/wp-content\/uploads\/2025\/11\/Clara-Maria-Laredo-272x182.jpg )\"\n\t\t\t\t\taria-labelledby=\"sow-carousel-id-821\"\n\t\t\t\t\ttabindex=\"-1\"\n\t\t\t\t>\n\t\t\t\t\t<span class=\"overlay\"><\/span>\n\t\t\t\t<\/a>\n\t\t\t\t\t<\/div>\n\t\t<h3 class=\"sow-carousel-item-title\">\n\t\t\t<a\n\t\t\t\thref=\"https:\/\/camerapulitica.fr\/index.php\/2025\/11\/07\/clara-maria-laredo\/\"\n\t\t\t\tid=\"sow-carousel-id-821\"\n\t\t\t\t\t\t\t\ttabindex=\"-1\"\n\t\t\t>\n\n\t\t\t\tClara Maria Laredo\t\t\t<\/a>\n\t\t<\/h3>\n\t<\/div>\n\t<div class=\"sow-carousel-item\" tabindex=\"-1\" style=\"float: left;\">\n\t\t<div class=\"sow-carousel-thumbnail\">\n\t\t\t\t\t\t\t<a\n\t\t\t\t\thref=\"https:\/\/camerapulitica.fr\/index.php\/2025\/10\/31\/christophe-bourseiller-2\/\"\n\t\t\t\t\t\t\t\t\t\tstyle=\"background-image: url( https:\/\/camerapulitica.fr\/wp-content\/uploads\/2024\/10\/Christophe-Bourseiller-site-272x182.jpg )\"\n\t\t\t\t\taria-labelledby=\"sow-carousel-id-536\"\n\t\t\t\t\ttabindex=\"-1\"\n\t\t\t\t>\n\t\t\t\t\t<span class=\"overlay\"><\/span>\n\t\t\t\t<\/a>\n\t\t\t\t\t<\/div>\n\t\t<h3 class=\"sow-carousel-item-title\">\n\t\t\t<a\n\t\t\t\thref=\"https:\/\/camerapulitica.fr\/index.php\/2025\/10\/31\/christophe-bourseiller-2\/\"\n\t\t\t\tid=\"sow-carousel-id-536\"\n\t\t\t\t\t\t\t\ttabindex=\"-1\"\n\t\t\t>\n\n\t\t\t\tChristophe Bourseiller\t\t\t<\/a>\n\t\t<\/h3>\n\t<\/div>\n\t<div class=\"sow-carousel-item\" tabindex=\"-1\" style=\"float: left;\">\n\t\t<div class=\"sow-carousel-thumbnail\">\n\t\t\t\t\t\t\t<a\n\t\t\t\t\thref=\"https:\/\/camerapulitica.fr\/index.php\/2025\/10\/31\/nathanael-maini\/\"\n\t\t\t\t\t\t\t\t\t\tstyle=\"background-image: url( https:\/\/camerapulitica.fr\/wp-content\/uploads\/2025\/10\/Nathanael-maini-272x182.jpg )\"\n\t\t\t\t\taria-labelledby=\"sow-carousel-id-586\"\n\t\t\t\t\ttabindex=\"-1\"\n\t\t\t\t>\n\t\t\t\t\t<span class=\"overlay\"><\/span>\n\t\t\t\t<\/a>\n\t\t\t\t\t<\/div>\n\t\t<h3 class=\"sow-carousel-item-title\">\n\t\t\t<a\n\t\t\t\thref=\"https:\/\/camerapulitica.fr\/index.php\/2025\/10\/31\/nathanael-maini\/\"\n\t\t\t\tid=\"sow-carousel-id-586\"\n\t\t\t\t\t\t\t\ttabindex=\"-1\"\n\t\t\t>\n\n\t\t\t\tNathana\u00ebl Ma\u00efni\t\t\t<\/a>\n\t\t<\/h3>\n\t<\/div>\n\t<div class=\"sow-carousel-item\" tabindex=\"-1\" style=\"float: left;\">\n\t\t<div class=\"sow-carousel-thumbnail\">\n\t\t\t\t\t\t\t<a\n\t\t\t\t\thref=\"https:\/\/camerapulitica.fr\/index.php\/2025\/10\/30\/gerome-bouda\/\"\n\t\t\t\t\t\t\t\t\t\tstyle=\"background-image: url( https:\/\/camerapulitica.fr\/wp-content\/uploads\/2025\/10\/bouda-272x182.jpg )\"\n\t\t\t\t\taria-labelledby=\"sow-carousel-id-606\"\n\t\t\t\t\ttabindex=\"-1\"\n\t\t\t\t>\n\t\t\t\t\t<span class=\"overlay\"><\/span>\n\t\t\t\t<\/a>\n\t\t\t\t\t<\/div>\n\t\t<h3 class=\"sow-carousel-item-title\">\n\t\t\t<a\n\t\t\t\thref=\"https:\/\/camerapulitica.fr\/index.php\/2025\/10\/30\/gerome-bouda\/\"\n\t\t\t\tid=\"sow-carousel-id-606\"\n\t\t\t\t\t\t\t\ttabindex=\"-1\"\n\t\t\t>\n\n\t\t\t\tG\u00e9r\u00f4me Bouda\t\t\t<\/a>\n\t\t<\/h3>\n\t<\/div>\n\t<div class=\"sow-carousel-item\" tabindex=\"-1\" style=\"float: left;\">\n\t\t<div class=\"sow-carousel-thumbnail\">\n\t\t\t\t\t\t\t<a\n\t\t\t\t\thref=\"https:\/\/camerapulitica.fr\/index.php\/2025\/10\/31\/maria-francesca-valentini\/\"\n\t\t\t\t\t\t\t\t\t\tstyle=\"background-image: url( https:\/\/camerapulitica.fr\/wp-content\/uploads\/2025\/10\/maria-francesca-valentini-e1761925413895-272x182.jpg )\"\n\t\t\t\t\taria-labelledby=\"sow-carousel-id-604\"\n\t\t\t\t\ttabindex=\"-1\"\n\t\t\t\t>\n\t\t\t\t\t<span class=\"overlay\"><\/span>\n\t\t\t\t<\/a>\n\t\t\t\t\t<\/div>\n\t\t<h3 class=\"sow-carousel-item-title\">\n\t\t\t<a\n\t\t\t\thref=\"https:\/\/camerapulitica.fr\/index.php\/2025\/10\/31\/maria-francesca-valentini\/\"\n\t\t\t\tid=\"sow-carousel-id-604\"\n\t\t\t\t\t\t\t\ttabindex=\"-1\"\n\t\t\t>\n\n\t\t\t\tMaria Francesca Valentini\t\t\t<\/a>\n\t\t<\/h3>\n\t<\/div>\n\t<div class=\"sow-carousel-item\" tabindex=\"-1\" style=\"float: left;\">\n\t\t<div class=\"sow-carousel-thumbnail\">\n\t\t\t\t\t\t\t<a\n\t\t\t\t\thref=\"https:\/\/camerapulitica.fr\/index.php\/2025\/10\/31\/copy-copy\/\"\n\t\t\t\t\t\t\t\t\t\tstyle=\"background-image: url( https:\/\/camerapulitica.fr\/wp-content\/uploads\/2025\/10\/roni-vainer-1-272x182.gif )\"\n\t\t\t\t\taria-labelledby=\"sow-carousel-id-719\"\n\t\t\t\t\ttabindex=\"-1\"\n\t\t\t\t>\n\t\t\t\t\t<span class=\"overlay\"><\/span>\n\t\t\t\t<\/a>\n\t\t\t\t\t<\/div>\n\t\t<h3 class=\"sow-carousel-item-title\">\n\t\t\t<a\n\t\t\t\thref=\"https:\/\/camerapulitica.fr\/index.php\/2025\/10\/31\/copy-copy\/\"\n\t\t\t\tid=\"sow-carousel-id-719\"\n\t\t\t\t\t\t\t\ttabindex=\"-1\"\n\t\t\t>\n\n\t\t\t\tRoni Vainer\t\t\t<\/a>\n\t\t<\/h3>\n\t<\/div>\n\t<div class=\"sow-carousel-item\" tabindex=\"-1\" style=\"float: left;\">\n\t\t<div class=\"sow-carousel-thumbnail\">\n\t\t\t\t\t\t\t<a\n\t\t\t\t\thref=\"https:\/\/camerapulitica.fr\/index.php\/2025\/10\/31\/julian-mattei\/\"\n\t\t\t\t\t\t\t\t\t\tstyle=\"background-image: url( https:\/\/camerapulitica.fr\/wp-content\/uploads\/2025\/10\/julian-mattei-272x182.jpg )\"\n\t\t\t\t\taria-labelledby=\"sow-carousel-id-722\"\n\t\t\t\t\ttabindex=\"-1\"\n\t\t\t\t>\n\t\t\t\t\t<span class=\"overlay\"><\/span>\n\t\t\t\t<\/a>\n\t\t\t\t\t<\/div>\n\t\t<h3 class=\"sow-carousel-item-title\">\n\t\t\t<a\n\t\t\t\thref=\"https:\/\/camerapulitica.fr\/index.php\/2025\/10\/31\/julian-mattei\/\"\n\t\t\t\tid=\"sow-carousel-id-722\"\n\t\t\t\t\t\t\t\ttabindex=\"-1\"\n\t\t\t>\n\n\t\t\t\tJulian Mattei\t\t\t<\/a>\n\t\t<\/h3>\n\t<\/div>\n\t<div class=\"sow-carousel-item\" tabindex=\"-1\" style=\"float: left;\">\n\t\t<div class=\"sow-carousel-thumbnail\">\n\t\t\t\t\t\t\t<a\n\t\t\t\t\thref=\"https:\/\/camerapulitica.fr\/index.php\/2025\/11\/10\/andre-fazi\/\"\n\t\t\t\t\t\t\t\t\t\tstyle=\"background-image: url( https:\/\/camerapulitica.fr\/wp-content\/uploads\/2025\/11\/andre-fazi-272x182.jpg )\"\n\t\t\t\t\taria-labelledby=\"sow-carousel-id-827\"\n\t\t\t\t\ttabindex=\"-1\"\n\t\t\t\t>\n\t\t\t\t\t<span class=\"overlay\"><\/span>\n\t\t\t\t<\/a>\n\t\t\t\t\t<\/div>\n\t\t<h3 class=\"sow-carousel-item-title\">\n\t\t\t<a\n\t\t\t\thref=\"https:\/\/camerapulitica.fr\/index.php\/2025\/11\/10\/andre-fazi\/\"\n\t\t\t\tid=\"sow-carousel-id-827\"\n\t\t\t\t\t\t\t\ttabindex=\"-1\"\n\t\t\t>\n\n\t\t\t\tAndr\u00e9 Fazi\t\t\t<\/a>\n\t\t<\/h3>\n\t<\/div>\n\t<div class=\"sow-carousel-item\" tabindex=\"-1\" style=\"float: left;\">\n\t\t<div class=\"sow-carousel-thumbnail\">\n\t\t\t\t\t\t\t<a\n\t\t\t\t\thref=\"https:\/\/camerapulitica.fr\/index.php\/2025\/10\/31\/alain-luciani-2\/\"\n\t\t\t\t\t\t\t\t\t\tstyle=\"background-image: url( https:\/\/camerapulitica.fr\/wp-content\/uploads\/2024\/11\/Alain-Luciani-272x182.jpeg )\"\n\t\t\t\t\taria-labelledby=\"sow-carousel-id-675\"\n\t\t\t\t\ttabindex=\"-1\"\n\t\t\t\t>\n\t\t\t\t\t<span class=\"overlay\"><\/span>\n\t\t\t\t<\/a>\n\t\t\t\t\t<\/div>\n\t\t<h3 class=\"sow-carousel-item-title\">\n\t\t\t<a\n\t\t\t\thref=\"https:\/\/camerapulitica.fr\/index.php\/2025\/10\/31\/alain-luciani-2\/\"\n\t\t\t\tid=\"sow-carousel-id-675\"\n\t\t\t\t\t\t\t\ttabindex=\"-1\"\n\t\t\t>\n\n\t\t\t\tAlain Luciani\t\t\t<\/a>\n\t\t<\/h3>\n\t<\/div>\n\t<div class=\"sow-carousel-item\" tabindex=\"-1\" style=\"float: left;\">\n\t\t<div class=\"sow-carousel-thumbnail\">\n\t\t\t\t\t\t\t<a\n\t\t\t\t\thref=\"https:\/\/camerapulitica.fr\/index.php\/2025\/10\/30\/jean-pierre-mattei\/\"\n\t\t\t\t\t\t\t\t\t\tstyle=\"background-image: url( https:\/\/camerapulitica.fr\/wp-content\/uploads\/2025\/10\/jean-pierre-mattei-2-272x182.jpg )\"\n\t\t\t\t\taria-labelledby=\"sow-carousel-id-596\"\n\t\t\t\t\ttabindex=\"-1\"\n\t\t\t\t>\n\t\t\t\t\t<span class=\"overlay\"><\/span>\n\t\t\t\t<\/a>\n\t\t\t\t\t<\/div>\n\t\t<h3 class=\"sow-carousel-item-title\">\n\t\t\t<a\n\t\t\t\thref=\"https:\/\/camerapulitica.fr\/index.php\/2025\/10\/30\/jean-pierre-mattei\/\"\n\t\t\t\tid=\"sow-carousel-id-596\"\n\t\t\t\t\t\t\t\ttabindex=\"-1\"\n\t\t\t>\n\n\t\t\t\tJean-Pierre Mattei\t\t\t<\/a>\n\t\t<\/h3>\n\t<\/div>\n\t<div class=\"sow-carousel-item\" tabindex=\"-1\" style=\"float: left;\">\n\t\t<div class=\"sow-carousel-thumbnail\">\n\t\t\t\t\t\t\t<a\n\t\t\t\t\thref=\"https:\/\/camerapulitica.fr\/index.php\/2025\/10\/31\/francois-de-closets\/\"\n\t\t\t\t\t\t\t\t\t\tstyle=\"background-image: url( https:\/\/camerapulitica.fr\/wp-content\/uploads\/2025\/10\/Francois-de-closets-site-272x182.png )\"\n\t\t\t\t\taria-labelledby=\"sow-carousel-id-528\"\n\t\t\t\t\ttabindex=\"-1\"\n\t\t\t\t>\n\t\t\t\t\t<span class=\"overlay\"><\/span>\n\t\t\t\t<\/a>\n\t\t\t\t\t<\/div>\n\t\t<h3 class=\"sow-carousel-item-title\">\n\t\t\t<a\n\t\t\t\thref=\"https:\/\/camerapulitica.fr\/index.php\/2025\/10\/31\/francois-de-closets\/\"\n\t\t\t\tid=\"sow-carousel-id-528\"\n\t\t\t\t\t\t\t\ttabindex=\"-1\"\n\t\t\t>\n\n\t\t\t\tFran\u00e7ois de Closets\t\t\t<\/a>\n\t\t<\/h3>\n\t<\/div>\n\t<div class=\"sow-carousel-item\" tabindex=\"-1\" style=\"float: left;\">\n\t\t<div class=\"sow-carousel-thumbnail\">\n\t\t\t\t\t\t\t<a\n\t\t\t\t\thref=\"https:\/\/camerapulitica.fr\/index.php\/2025\/10\/31\/pascal-ottavi\/\"\n\t\t\t\t\t\t\t\t\t\tstyle=\"background-image: url( https:\/\/camerapulitica.fr\/wp-content\/uploads\/2025\/10\/Pascal-Ottavi-272x182.jpeg )\"\n\t\t\t\t\taria-labelledby=\"sow-carousel-id-589\"\n\t\t\t\t\ttabindex=\"-1\"\n\t\t\t\t>\n\t\t\t\t\t<span class=\"overlay\"><\/span>\n\t\t\t\t<\/a>\n\t\t\t\t\t<\/div>\n\t\t<h3 class=\"sow-carousel-item-title\">\n\t\t\t<a\n\t\t\t\thref=\"https:\/\/camerapulitica.fr\/index.php\/2025\/10\/31\/pascal-ottavi\/\"\n\t\t\t\tid=\"sow-carousel-id-589\"\n\t\t\t\t\t\t\t\ttabindex=\"-1\"\n\t\t\t>\n\n\t\t\t\tPascal Ottavi\t\t\t<\/a>\n\t\t<\/h3>\n\t<\/div>\n\t<div class=\"sow-carousel-item\" tabindex=\"-1\" style=\"float: left;\">\n\t\t<div class=\"sow-carousel-thumbnail\">\n\t\t\t\t\t\t\t<a\n\t\t\t\t\thref=\"https:\/\/camerapulitica.fr\/index.php\/2025\/10\/31\/leo-battesti-2\/\"\n\t\t\t\t\t\t\t\t\t\tstyle=\"background-image: url( https:\/\/camerapulitica.fr\/wp-content\/uploads\/2025\/10\/Leo-Battesti-site2-272x182.png )\"\n\t\t\t\t\taria-labelledby=\"sow-carousel-id-533\"\n\t\t\t\t\ttabindex=\"-1\"\n\t\t\t\t>\n\t\t\t\t\t<span class=\"overlay\"><\/span>\n\t\t\t\t<\/a>\n\t\t\t\t\t<\/div>\n\t\t<h3 class=\"sow-carousel-item-title\">\n\t\t\t<a\n\t\t\t\thref=\"https:\/\/camerapulitica.fr\/index.php\/2025\/10\/31\/leo-battesti-2\/\"\n\t\t\t\tid=\"sow-carousel-id-533\"\n\t\t\t\t\t\t\t\ttabindex=\"-1\"\n\t\t\t>\n\n\t\t\t\tL\u00e9o Battesti\t\t\t<\/a>\n\t\t<\/h3>\n\t<\/div>\n\t<div class=\"sow-carousel-item\" tabindex=\"-1\" style=\"float: left;\">\n\t\t<div class=\"sow-carousel-thumbnail\">\n\t\t\t\t\t\t\t<a\n\t\t\t\t\thref=\"https:\/\/camerapulitica.fr\/index.php\/2025\/10\/31\/copy\/\"\n\t\t\t\t\t\t\t\t\t\tstyle=\"background-image: url( https:\/\/camerapulitica.fr\/wp-content\/uploads\/2025\/10\/jean-louis-orlandetti-2-272x182.jpg )\"\n\t\t\t\t\taria-labelledby=\"sow-carousel-id-713\"\n\t\t\t\t\ttabindex=\"-1\"\n\t\t\t\t>\n\t\t\t\t\t<span class=\"overlay\"><\/span>\n\t\t\t\t<\/a>\n\t\t\t\t\t<\/div>\n\t\t<h3 class=\"sow-carousel-item-title\">\n\t\t\t<a\n\t\t\t\thref=\"https:\/\/camerapulitica.fr\/index.php\/2025\/10\/31\/copy\/\"\n\t\t\t\tid=\"sow-carousel-id-713\"\n\t\t\t\t\t\t\t\ttabindex=\"-1\"\n\t\t\t>\n\n\t\t\t\tJean-Louis Orlandetti\t\t\t<\/a>\n\t\t<\/h3>\n\t<\/div>\n\t<div class=\"sow-carousel-item\" tabindex=\"-1\" style=\"float: left;\">\n\t\t<div class=\"sow-carousel-thumbnail\">\n\t\t\t\t\t\t\t<a\n\t\t\t\t\thref=\"https:\/\/camerapulitica.fr\/index.php\/2025\/10\/31\/jerome-leroy\/\"\n\t\t\t\t\t\t\t\t\t\tstyle=\"background-image: url( https:\/\/camerapulitica.fr\/wp-content\/uploads\/2025\/10\/Jerome-Leroy-site-272x182.jpg )\"\n\t\t\t\t\taria-labelledby=\"sow-carousel-id-598\"\n\t\t\t\t\ttabindex=\"-1\"\n\t\t\t\t>\n\t\t\t\t\t<span class=\"overlay\"><\/span>\n\t\t\t\t<\/a>\n\t\t\t\t\t<\/div>\n\t\t<h3 class=\"sow-carousel-item-title\">\n\t\t\t<a\n\t\t\t\thref=\"https:\/\/camerapulitica.fr\/index.php\/2025\/10\/31\/jerome-leroy\/\"\n\t\t\t\tid=\"sow-carousel-id-598\"\n\t\t\t\t\t\t\t\ttabindex=\"-1\"\n\t\t\t>\n\n\t\t\t\tJ\u00e9r\u00f4me Leroy\t\t\t<\/a>\n\t\t<\/h3>\n\t<\/div>\n\t\t<\/div>\n\t\t\t<\/div>\n\n\t<\/div>\n\t\t<input type=\"hidden\" name=\"instance_hash\" value=\"b9a8f975\"\/>\n\t<\/div>\n<\/div><\/div><\/div><div id=\"panel-498-3-0-3\" class=\"so-panel widget widget_sow-post-carousel panel-last-child\" data-index=\"10\" ><div style=\"text-align: left;\" data-title-color=\"#443f3f\" data-headings-color=\"#443f3f\" class=\"panel-widget-style panel-widget-style-for-498-3-0-3\" ><div\n\t\t\t\n\t\t\tclass=\"so-widget-sow-post-carousel so-widget-sow-post-carousel-base-2cd1a1bdf515-598\"\n\t\t\t\n\t\t>\t<div\n\t\tclass=\"sow-post-carousel-wrapper sow-post-carousel-theme-base\"\n\t\tstyle=\"overflow: hidden; max-width: 100%; min-height: 182px\"\n\t>\n\t\t<div class=\"sow-carousel-title has-title\">\n\t<h3 class=\"widget-title\">LES RENCONTRES<\/h3>\t\t<div class=\"sow-carousel-navigation \">\n\t\t\t\t\t\t<a href=\"#\" class=\"sow-carousel-next\" title=\"Suivant\" aria-label=\"Next Posts\" role=\"button\"><\/a>\n\t\t\t\t\t\t<a href=\"#\" class=\"sow-carousel-previous\" title=\"Pr\u00e9c\u00e9dent\" aria-label=\"Previous Posts\" role=\"button\"><\/a>\n\t\t\t\t\t<\/div>\n\t<\/div>\n\n<div class=\"sow-carousel-container \">\n\t\t<div class=\"sow-carousel-wrapper\"\n\t\tdata-dir=\"ltr\"\n\t\tstyle=\"opacity: 0;\"\n\t\tdata-widget=\"post\" data-fetching=\"false\" data-page=\"1\" data-ajax-url=\"https:\/\/camerapulitica.fr\/wp-admin\/admin-ajax.php?_widgets_nonce=8f21cf94ee\" data-item_count=\"8\" data-carousel_settings=\"{&quot;loop&quot;:true,&quot;animation&quot;:&quot;ease&quot;,&quot;animation_speed&quot;:400,&quot;autoplay&quot;:&quot;&quot;,&quot;pauseOnHover&quot;:&quot;&quot;,&quot;autoplaySpeed&quot;:8000,&quot;item_overflow&quot;:true,&quot;autoplay_continuous_scroll&quot;:false}\" data-responsive=\"{&quot;desktop_slides_to_scroll&quot;:1,&quot;tablet_landscape_breakpoint&quot;:1366,&quot;tablet_landscape_slides_to_scroll&quot;:2,&quot;tablet_portrait_breakpoint&quot;:1025,&quot;tablet_portrait_slides_to_scroll&quot;:2,&quot;mobile_breakpoint&quot;:480,&quot;mobile_slides_to_scroll&quot;:1}\" data-variable_width=\"true\" \t>\n\t\t<div\n\t\t\tclass=\"sow-carousel-items\"\n\t\t\t\t\t>\n\t\t\t\t<div class=\"sow-carousel-item\" tabindex=\"-1\" style=\"float: left;\">\n\t\t<div class=\"sow-carousel-thumbnail\">\n\t\t\t\t\t\t\t<a\n\t\t\t\t\thref=\"https:\/\/camerapulitica.fr\/index.php\/2025\/10\/14\/signature-les-le-pen-une-famille-francaise\/\"\n\t\t\t\t\t\t\t\t\t\tstyle=\"background-image: url( https:\/\/camerapulitica.fr\/wp-content\/uploads\/2025\/11\/SIGNATURE-BOURSEILLER-272x182.jpg )\"\n\t\t\t\t\taria-labelledby=\"sow-carousel-id-865\"\n\t\t\t\t\ttabindex=\"-1\"\n\t\t\t\t>\n\t\t\t\t\t<span class=\"overlay\"><\/span>\n\t\t\t\t<\/a>\n\t\t\t\t\t<\/div>\n\t\t<h3 class=\"sow-carousel-item-title\">\n\t\t\t<a\n\t\t\t\thref=\"https:\/\/camerapulitica.fr\/index.php\/2025\/10\/14\/signature-les-le-pen-une-famille-francaise\/\"\n\t\t\t\tid=\"sow-carousel-id-865\"\n\t\t\t\t\t\t\t\ttabindex=\"-1\"\n\t\t\t>\n\n\t\t\t\tSIGNATURE : LES LE PEN, UNE FAMILLE FRAN\u00c7AISE\t\t\t<\/a>\n\t\t<\/h3>\n\t<\/div>\n\t<div class=\"sow-carousel-item\" tabindex=\"-1\" style=\"float: left;\">\n\t\t<div class=\"sow-carousel-thumbnail\">\n\t\t\t\t\t\t\t<a\n\t\t\t\t\thref=\"https:\/\/camerapulitica.fr\/index.php\/2025\/10\/31\/rencontre-francois-de-closets\/\"\n\t\t\t\t\t\t\t\t\t\tstyle=\"background-image: url( https:\/\/camerapulitica.fr\/wp-content\/uploads\/2025\/10\/Francois-de-closets-site-272x182.png )\"\n\t\t\t\t\taria-labelledby=\"sow-carousel-id-629\"\n\t\t\t\t\ttabindex=\"-1\"\n\t\t\t\t>\n\t\t\t\t\t<span class=\"overlay\"><\/span>\n\t\t\t\t<\/a>\n\t\t\t\t\t<\/div>\n\t\t<h3 class=\"sow-carousel-item-title\">\n\t\t\t<a\n\t\t\t\thref=\"https:\/\/camerapulitica.fr\/index.php\/2025\/10\/31\/rencontre-francois-de-closets\/\"\n\t\t\t\tid=\"sow-carousel-id-629\"\n\t\t\t\t\t\t\t\ttabindex=\"-1\"\n\t\t\t>\n\n\t\t\t\tRENCONTRE : FRAN\u00c7OIS DE CLOSETS\t\t\t<\/a>\n\t\t<\/h3>\n\t<\/div>\n\t<div class=\"sow-carousel-item\" tabindex=\"-1\" style=\"float: left;\">\n\t\t<div class=\"sow-carousel-thumbnail\">\n\t\t\t\t\t\t\t<a\n\t\t\t\t\thref=\"https:\/\/camerapulitica.fr\/index.php\/2025\/10\/31\/masterclass-hommage-a-michel-khleifi-par-alain-luciani\/\"\n\t\t\t\t\t\t\t\t\t\tstyle=\"background-image: url( https:\/\/camerapulitica.fr\/wp-content\/uploads\/2025\/10\/3-272x182.png )\"\n\t\t\t\t\taria-labelledby=\"sow-carousel-id-626\"\n\t\t\t\t\ttabindex=\"-1\"\n\t\t\t\t>\n\t\t\t\t\t<span class=\"overlay\"><\/span>\n\t\t\t\t<\/a>\n\t\t\t\t\t<\/div>\n\t\t<h3 class=\"sow-carousel-item-title\">\n\t\t\t<a\n\t\t\t\thref=\"https:\/\/camerapulitica.fr\/index.php\/2025\/10\/31\/masterclass-hommage-a-michel-khleifi-par-alain-luciani\/\"\n\t\t\t\tid=\"sow-carousel-id-626\"\n\t\t\t\t\t\t\t\ttabindex=\"-1\"\n\t\t\t>\n\n\t\t\t\tMASTERCLASS : HOMMAGE A MICHEL KHLEIFI, PAR ALAIN LUCIANI\t\t\t<\/a>\n\t\t<\/h3>\n\t<\/div>\n\t<div class=\"sow-carousel-item\" tabindex=\"-1\" style=\"float: left;\">\n\t\t<div class=\"sow-carousel-thumbnail\">\n\t\t\t\t\t\t\t<a\n\t\t\t\t\thref=\"https:\/\/camerapulitica.fr\/index.php\/2025\/10\/31\/debat-le-fascisme-et-sil-revenait\/\"\n\t\t\t\t\t\t\t\t\t\tstyle=\"background-image: url( https:\/\/camerapulitica.fr\/wp-content\/uploads\/2025\/10\/1-272x182.png )\"\n\t\t\t\t\taria-labelledby=\"sow-carousel-id-635\"\n\t\t\t\t\ttabindex=\"-1\"\n\t\t\t\t>\n\t\t\t\t\t<span class=\"overlay\"><\/span>\n\t\t\t\t<\/a>\n\t\t\t\t\t<\/div>\n\t\t<h3 class=\"sow-carousel-item-title\">\n\t\t\t<a\n\t\t\t\thref=\"https:\/\/camerapulitica.fr\/index.php\/2025\/10\/31\/debat-le-fascisme-et-sil-revenait\/\"\n\t\t\t\tid=\"sow-carousel-id-635\"\n\t\t\t\t\t\t\t\ttabindex=\"-1\"\n\t\t\t>\n\n\t\t\t\tD\u00c9BAT : LE FASCISME. ET S&rsquo;IL REVENAIT ?\t\t\t<\/a>\n\t\t<\/h3>\n\t<\/div>\n\t<div class=\"sow-carousel-item\" tabindex=\"-1\" style=\"float: left;\">\n\t\t<div class=\"sow-carousel-thumbnail\">\n\t\t\t\t\t\t\t<a\n\t\t\t\t\thref=\"https:\/\/camerapulitica.fr\/index.php\/2025\/10\/14\/signature-la-petite-fasciste\/\"\n\t\t\t\t\t\t\t\t\t\tstyle=\"background-image: url( https:\/\/camerapulitica.fr\/wp-content\/uploads\/2025\/11\/SIGNATURE-LEROY-272x182.jpg )\"\n\t\t\t\t\taria-labelledby=\"sow-carousel-id-868\"\n\t\t\t\t\ttabindex=\"-1\"\n\t\t\t\t>\n\t\t\t\t\t<span class=\"overlay\"><\/span>\n\t\t\t\t<\/a>\n\t\t\t\t\t<\/div>\n\t\t<h3 class=\"sow-carousel-item-title\">\n\t\t\t<a\n\t\t\t\thref=\"https:\/\/camerapulitica.fr\/index.php\/2025\/10\/14\/signature-la-petite-fasciste\/\"\n\t\t\t\tid=\"sow-carousel-id-868\"\n\t\t\t\t\t\t\t\ttabindex=\"-1\"\n\t\t\t>\n\n\t\t\t\tSIGNATURE : LA PETITE FASCISTE\t\t\t<\/a>\n\t\t<\/h3>\n\t<\/div>\n\t<div class=\"sow-carousel-item\" tabindex=\"-1\" style=\"float: left;\">\n\t\t<div class=\"sow-carousel-thumbnail\">\n\t\t\t\t\t\t\t<a\n\t\t\t\t\thref=\"https:\/\/camerapulitica.fr\/index.php\/2025\/10\/14\/signature-in-quelli-anni-di-a-brasgia\/\"\n\t\t\t\t\t\t\t\t\t\tstyle=\"background-image: url( https:\/\/camerapulitica.fr\/wp-content\/uploads\/2025\/11\/SIGNATURE-OTTAVI-272x182.jpg )\"\n\t\t\t\t\taria-labelledby=\"sow-carousel-id-841\"\n\t\t\t\t\ttabindex=\"-1\"\n\t\t\t\t>\n\t\t\t\t\t<span class=\"overlay\"><\/span>\n\t\t\t\t<\/a>\n\t\t\t\t\t<\/div>\n\t\t<h3 class=\"sow-carousel-item-title\">\n\t\t\t<a\n\t\t\t\thref=\"https:\/\/camerapulitica.fr\/index.php\/2025\/10\/14\/signature-in-quelli-anni-di-a-brasgia\/\"\n\t\t\t\tid=\"sow-carousel-id-841\"\n\t\t\t\t\t\t\t\ttabindex=\"-1\"\n\t\t\t>\n\n\t\t\t\tSIGNATURE : IN QUELLI ANNI DI A BRASGIA\t\t\t<\/a>\n\t\t<\/h3>\n\t<\/div>\n\t<div class=\"sow-carousel-item\" tabindex=\"-1\" style=\"float: left;\">\n\t\t<div class=\"sow-carousel-thumbnail\">\n\t\t\t\t\t\t\t<a\n\t\t\t\t\thref=\"https:\/\/camerapulitica.fr\/index.php\/2025\/10\/31\/debat-crise-du-politique-crise-du-journalisme-tentative-de-bilan\/\"\n\t\t\t\t\t\t\t\t\t\tstyle=\"background-image: url( https:\/\/camerapulitica.fr\/wp-content\/uploads\/2025\/10\/2-1-272x182.png )\"\n\t\t\t\t\taria-labelledby=\"sow-carousel-id-632\"\n\t\t\t\t\ttabindex=\"-1\"\n\t\t\t\t>\n\t\t\t\t\t<span class=\"overlay\"><\/span>\n\t\t\t\t<\/a>\n\t\t\t\t\t<\/div>\n\t\t<h3 class=\"sow-carousel-item-title\">\n\t\t\t<a\n\t\t\t\thref=\"https:\/\/camerapulitica.fr\/index.php\/2025\/10\/31\/debat-crise-du-politique-crise-du-journalisme-tentative-de-bilan\/\"\n\t\t\t\tid=\"sow-carousel-id-632\"\n\t\t\t\t\t\t\t\ttabindex=\"-1\"\n\t\t\t>\n\n\t\t\t\tD\u00c9BAT : CRISE DU POLITIQUE ? CRISE DU JOURNALISME ? TENTATIVE DE BILAN\t\t\t<\/a>\n\t\t<\/h3>\n\t<\/div>\n\t<div class=\"sow-carousel-item\" tabindex=\"-1\" style=\"float: left;\">\n\t\t<div class=\"sow-carousel-thumbnail\">\n\t\t\t\t\t\t\t<a\n\t\t\t\t\thref=\"https:\/\/camerapulitica.fr\/index.php\/2025\/10\/14\/signature-le-secret-des-iles-perdues\/\"\n\t\t\t\t\t\t\t\t\t\tstyle=\"background-image: url( https:\/\/camerapulitica.fr\/wp-content\/uploads\/2025\/11\/SIGNATURE-DE-CLOSETS-272x182.jpg )\"\n\t\t\t\t\taria-labelledby=\"sow-carousel-id-856\"\n\t\t\t\t\ttabindex=\"-1\"\n\t\t\t\t>\n\t\t\t\t\t<span class=\"overlay\"><\/span>\n\t\t\t\t<\/a>\n\t\t\t\t\t<\/div>\n\t\t<h3 class=\"sow-carousel-item-title\">\n\t\t\t<a\n\t\t\t\thref=\"https:\/\/camerapulitica.fr\/index.php\/2025\/10\/14\/signature-le-secret-des-iles-perdues\/\"\n\t\t\t\tid=\"sow-carousel-id-856\"\n\t\t\t\t\t\t\t\ttabindex=\"-1\"\n\t\t\t>\n\n\t\t\t\tSIGNATURE : LE SECRET DES \u00ceLES PERDUES\t\t\t<\/a>\n\t\t<\/h3>\n\t<\/div>\n\t\t<\/div>\n\t\t\t<\/div>\n\n\t<\/div>\n\t\t<input type=\"hidden\" name=\"instance_hash\" value=\"0caf44bd\"\/>\n\t<\/div>\n<\/div><\/div><\/div><\/div><\/div><\/div><\/div>","protected":false},"excerpt":{"rendered":"<p>de Kaouther Ben Hania<br \/>\nFiction, 2025, Tunisie, France, 1h29<br \/>\n29 janvier 2024. Les b\u00e9n\u00e9voles du Croissant-Rouge re\u00e7oivent un appel d&rsquo;urgence. Une fillette de six ans est pi\u00e9g\u00e9e dans une voiture sous les tirs \u00e0 Gaza et implore qu&rsquo;on vienne la secourir. Tout en essayant de la garder en ligne, ils font tout leur possible pour lui envoyer une ambulance. Elle s&rsquo;appelait Hind Rajab.<\/p>\n","protected":false},"author":2,"featured_media":569,"comment_status":"closed","ping_status":"closed","sticky":false,"template":"","format":"standard","meta":{"footnotes":""},"categories":[9,10],"tags":[],"class_list":["post-498","post","type-post","status-publish","format-standard","has-post-thumbnail","hentry","category-9","category-films-2025"],"_links":{"self":[{"href":"https:\/\/camerapulitica.fr\/index.php\/wp-json\/wp\/v2\/posts\/498","targetHints":{"allow":["GET"]}}],"collection":[{"href":"https:\/\/camerapulitica.fr\/index.php\/wp-json\/wp\/v2\/posts"}],"about":[{"href":"https:\/\/camerapulitica.fr\/index.php\/wp-json\/wp\/v2\/types\/post"}],"author":[{"embeddable":true,"href":"https:\/\/camerapulitica.fr\/index.php\/wp-json\/wp\/v2\/users\/2"}],"replies":[{"embeddable":true,"href":"https:\/\/camerapulitica.fr\/index.php\/wp-json\/wp\/v2\/comments?post=498"}],"version-history":[{"count":6,"href":"https:\/\/camerapulitica.fr\/index.php\/wp-json\/wp\/v2\/posts\/498\/revisions"}],"predecessor-version":[{"id":774,"href":"https:\/\/camerapulitica.fr\/index.php\/wp-json\/wp\/v2\/posts\/498\/revisions\/774"}],"wp:featuredmedia":[{"embeddable":true,"href":"https:\/\/camerapulitica.fr\/index.php\/wp-json\/wp\/v2\/media\/569"}],"wp:attachment":[{"href":"https:\/\/camerapulitica.fr\/index.php\/wp-json\/wp\/v2\/media?parent=498"}],"wp:term":[{"taxonomy":"category","embeddable":true,"href":"https:\/\/camerapulitica.fr\/index.php\/wp-json\/wp\/v2\/categories?post=498"},{"taxonomy":"post_tag","embeddable":true,"href":"https:\/\/camerapulitica.fr\/index.php\/wp-json\/wp\/v2\/tags?post=498"}],"curies":[{"name":"wp","href":"https:\/\/api.w.org\/{rel}","templated":true}]}}